{"id":4331,"date":"2026-09-02T23:03:38","date_gmt":"2026-09-03T03:03:38","guid":{"rendered":"https:\/\/girovisual.cl\/wp2\/?p=4331"},"modified":"2026-09-02T23:03:48","modified_gmt":"2026-09-03T03:03:48","slug":"nombran-a-victor-reinoso-como-nuevo-director-de-serviu-region-de-valparaiso","status":"publish","type":"post","link":"https:\/\/girovisual.cl\/wp2\/nombran-a-victor-reinoso-como-nuevo-director-de-serviu-region-de-valparaiso\/","title":{"rendered":"Nombran a V\u00edctor Reinoso como nuevo director de Serviu Regi\u00f3n de Valpara\u00edso."},"content":{"rendered":"\n<p class=\"wp-block-paragraph\">El Presidente de la Rep\u00fablica, Jos\u00e9 Antonio Kast, design\u00f3 a V\u00edctor Freddy Reinoso Vald\u00e9s como Director Regional del Servicio de Vivienda y Urbanizaci\u00f3n (SERVIU) de la Regi\u00f3n de Valpara\u00edso, cargo de Primer Nivel Jer\u00e1rquico perteneciente al Ministerio de Vivienda y Urbanismo.<\/p>\n\n\n\n<p class=\"wp-block-paragraph\">La decisi\u00f3n fue adoptada a partir de la n\u00f3mina de candidatos elegibles conformada por el Consejo de Alta Direcci\u00f3n P\u00fablica y remitida a la autoridad competente. El nombramiento fue comunicado mediante Gabinete Presidencial N.\u00ba 1242, de fecha 28 de agosto de 2026.<\/p>\n\n\n\n<p class=\"wp-block-paragraph\">Reinoso Vald\u00e9s asumir\u00e1 como Director Regional del Serviu el lunes 14 de septiembre.<\/p>\n\n\n\n<p class=\"wp-block-paragraph\"><strong>Formaci\u00f3n profesional<\/strong><\/p>\n\n\n\n<p class=\"wp-block-paragraph\">V\u00edctor Reinoso es ingeniero comercial de la Universidad del Desarrollo y cuenta con un Diplomado en Gesti\u00f3n Tributaria de la misma casa de estudios. Cuenta con una extensa trayectoria profesional vinculada a la gesti\u00f3n p\u00fablica, vivienda y urbanismo, obras p\u00fablicas, administraci\u00f3n financiera y direcci\u00f3n de organizaciones, desarrollada tanto en el sector p\u00fablico como privado.<\/p>\n\n\n\n<p class=\"wp-block-paragraph\">Desde 2020 se desempe\u00f1a como Secretario Regional Ministerial de Obras P\u00fablicas de la Regi\u00f3n del Biob\u00edo, cargo de Alta Direcci\u00f3n P\u00fablica desde el cual ha ejercido responsabilidades de coordinaci\u00f3n, supervisi\u00f3n y fiscalizaci\u00f3n de los servicios regionales dependientes del Ministerio de Obras P\u00fablicas.<\/p>\n\n\n\n<p class=\"wp-block-paragraph\">Anteriormente se desempe\u00f1\u00f3 como Jefe de Unidad T\u00e9cnica de la Secretar\u00eda Regional Ministerial de Obras P\u00fablicas del Biob\u00edo, con responsabilidades asociadas a procesos administrativos, licitaciones, contratos y control interno.<\/p>\n\n\n\n<p class=\"wp-block-paragraph\">Este es el segundo cargo de Alta Direcci\u00f3n P\u00fablica que logra Reinoso. El sistema contribuye al fortalecimiento de la funci\u00f3n p\u00fablica mediante procesos de selecci\u00f3n basados en el m\u00e9rito, orientados a identificar profesionales con las competencias y capacidades necesarias para liderar instituciones p\u00fablicas y responder a los desaf\u00edos de gesti\u00f3n del Estado.<\/p>\n\n    <div class=\"xs_social_share_widget xs_share_url after_content \t\tmain_content  wslu-style-1 wslu-share-box-shaped wslu-fill-colored wslu-none wslu-share-horizontal wslu-theme-font-no wslu-main_content\">\n\n\t\t\n        <ul>\n\t\t\t        <\/ul>\n    <\/div> \n","protected":false},"excerpt":{"rendered":"<p>El Presidente de la Rep\u00fablica, Jos\u00e9 Antonio Kast, design\u00f3 a V\u00edctor Freddy Reinoso Vald\u00e9s como Director Regional del Servicio de Vivienda y Urbanizaci\u00f3n (SERVIU) de la Regi\u00f3n de Valpara\u00edso, cargo de Primer Nivel Jer\u00e1rquico perteneciente al Ministerio de Vivienda y Urbanismo. La decisi\u00f3n fue adoptada a partir de la n\u00f3mina de candidatos elegibles conformada por [&hellip;]<\/p>\n","protected":false},"author":4,"featured_media":4334,"comment_status":"closed","ping_status":"open","sticky":false,"template":"","format":"standard","meta":{"postBodyCss":"","postBodyMargin":[],"postBodyPadding":[],"postBodyBackground":{"backgroundType":"classic","gradient":""},"footnotes":"","jetpack_publicize_message":"","jetpack_publicize_feature_enabled":true,"jetpack_social_post_already_shared":true,"jetpack_social_options":{"image_generator_settings":{"template":"highway","default_image_id":0,"font":"","enabled":false},"version":2}},"categories":[24,5],"tags":[1382,128,906],"class_list":["post-4331","post","type-post","status-publish","format-standard","has-post-thumbnail","hentry","category-girovisual-tv","category-regional","tag-minvu","tag-region-de-valparaiso","tag-serviu"],"jetpack_publicize_connections":[],"_links":{"self":[{"href":"https:\/\/girovisual.cl\/wp2\/wp-json\/wp\/v2\/posts\/4331","targetHints":{"allow":["GET"]}}],"collection":[{"href":"https:\/\/girovisual.cl\/wp2\/wp-json\/wp\/v2\/posts"}],"about":[{"href":"https:\/\/girovisual.cl\/wp2\/wp-json\/wp\/v2\/types\/post"}],"author":[{"embeddable":true,"href":"https:\/\/girovisual.cl\/wp2\/wp-json\/wp\/v2\/users\/4"}],"replies":[{"embeddable":true,"href":"https:\/\/girovisual.cl\/wp2\/wp-json\/wp\/v2\/comments?post=4331"}],"version-history":[{"count":1,"href":"https:\/\/girovisual.cl\/wp2\/wp-json\/wp\/v2\/posts\/4331\/revisions"}],"predecessor-version":[{"id":4335,"href":"https:\/\/girovisual.cl\/wp2\/wp-json\/wp\/v2\/posts\/4331\/revisions\/4335"}],"wp:featuredmedia":[{"embeddable":true,"href":"https:\/\/girovisual.cl\/wp2\/wp-json\/wp\/v2\/media\/4334"}],"wp:attachment":[{"href":"https:\/\/girovisual.cl\/wp2\/wp-json\/wp\/v2\/media?parent=4331"}],"wp:term":[{"taxonomy":"category","embeddable":true,"href":"https:\/\/girovisual.cl\/wp2\/wp-json\/wp\/v2\/categories?post=4331"},{"taxonomy":"post_tag","embeddable":true,"href":"https:\/\/girovisual.cl\/wp2\/wp-json\/wp\/v2\/tags?post=4331"}],"curies":[{"name":"wp","href":"https:\/\/api.w.org\/{rel}","templated":true}]}}