{"id":4319,"date":"2026-09-02T18:30:09","date_gmt":"2026-09-02T22:30:09","guid":{"rendered":"https:\/\/girovisual.cl\/wp2\/?p=4319"},"modified":"2026-09-02T18:30:19","modified_gmt":"2026-09-02T22:30:19","slug":"fondo-de-accion-climatica-juvenil-bloomberg-2026-invita-a-los-jovenes-a-transformar-quillota","status":"publish","type":"post","link":"https:\/\/girovisual.cl\/wp2\/fondo-de-accion-climatica-juvenil-bloomberg-2026-invita-a-los-jovenes-a-transformar-quillota\/","title":{"rendered":"Fondo de Acci\u00f3n Clim\u00e1tica Juvenil Bloomberg 2026 invita a los j\u00f3venes a transformar Quillota."},"content":{"rendered":"\n<p class=\"wp-block-paragraph\">El alcalde de Quillota, Luis Mella, realiz\u00f3 este mi\u00e9rcoles 2 de septiembre el lanzamiento oficial de la convocatoria Fondo Juventud y Acci\u00f3n Clim\u00e1tica 2026, iniciativa que por tercer a\u00f1o consecutivo invita a las juventudes de la comuna a presentar proyectos que contribuyan a enfrentar los desaf\u00edos ambientales y el cambio clim\u00e1tico.<br>La convocatoria forma parte del Fondo Juventud y Acci\u00f3n Clim\u00e1tica de Bloomberg y busca fortalecer la participaci\u00f3n de j\u00f3venes y comunidades juveniles en el desarrollo de soluciones concretas para construir una Quillota m\u00e1s sustentable.<br>Las propuestas seleccionadas contar\u00e1n con financiamiento de hasta 3 mil d\u00f3lares adem\u00e1s del acompa\u00f1amiento del equipo municipal durante el proceso de desarrollo e implementaci\u00f3n de los proyectos.<br>\u201cPor tercer a\u00f1o consecutivo estamos haciendo un llamado a todos los j\u00f3venes. A partir de hoy est\u00e1 abierto, son proyectos de 3.000 d\u00f3lares y, por lo tanto, es una buena cantidad que pueden utilizar\u201d, destac\u00f3 el alcalde Luis Mella.<br>El jefe comunal tambi\u00e9n resalt\u00f3 el impacto que han alcanzado las iniciativas de a\u00f1os anteriores y llam\u00f3 a las juventudes a participar. \u201cEl objetivo final que tiene Bloomberg y que tiene la municipalidad es incentivar el pensamiento y la acci\u00f3n protectora del medio ambiente en relaci\u00f3n con el cambio clim\u00e1tico\u201d, se\u00f1al\u00f3.<br>Entre las \u00e1reas que pueden abordar las propuestas destacan la limpieza de r\u00edos, plantaci\u00f3n de \u00e1rboles, reducci\u00f3n de contaminantes y otras acciones de protecci\u00f3n ambiental.<br>La convocatoria invita a formar equipos entre amigos, compa\u00f1eros y j\u00f3venes de las distintas comunidades de Quillota para desarrollar ideas con impacto local.<br>Las personas interesadas deben inscribirse hasta el 22 de septiembre. Tras la inscripci\u00f3n recibir\u00e1n las bases de la convocatoria y podr\u00e1n acceder a una tutor\u00eda para orientar y fortalecer sus proyectos.<br>El alcalde Luis Mella reiter\u00f3 la invitaci\u00f3n a las juventudes de la comuna: \u201cIngresen a la p\u00e1gina de la\u00a0<a href=\"https:\/\/docs.google.com\/forms\/u\/1\/d\/e\/1FAIpQLSccsOsWXdb_uq8DOKWTtVbpcNKdmR0VAnmNap1h3e81orm1zg\/viewform?pli=1\">Municipalidad de Quillota<\/a>, hagan el link con este proyecto Bloomberg y lo van a encontrar. Tenemos tiempo todav\u00eda, as\u00ed que los invito a postular\u201d.<\/p>\n\n    <div class=\"xs_social_share_widget xs_share_url after_content \t\tmain_content  wslu-style-1 wslu-share-box-shaped wslu-fill-colored wslu-none wslu-share-horizontal wslu-theme-font-no wslu-main_content\">\n\n\t\t\n        <ul>\n\t\t\t        <\/ul>\n    <\/div> \n","protected":false},"excerpt":{"rendered":"<p>El alcalde de Quillota, Luis Mella, realiz\u00f3 este mi\u00e9rcoles 2 de septiembre el lanzamiento oficial de la convocatoria Fondo Juventud y Acci\u00f3n Clim\u00e1tica 2026, iniciativa que por tercer a\u00f1o consecutivo invita a las juventudes de la comuna a presentar proyectos que contribuyan a enfrentar los desaf\u00edos ambientales y el cambio clim\u00e1tico.La convocatoria forma parte del [&hellip;]<\/p>\n","protected":false},"author":4,"featured_media":4322,"comment_status":"closed","ping_status":"open","sticky":false,"template":"","format":"standard","meta":{"postBodyCss":"","postBodyMargin":[],"postBodyPadding":[],"postBodyBackground":{"backgroundType":"classic","gradient":""},"footnotes":"","jetpack_publicize_message":"","jetpack_publicize_feature_enabled":true,"jetpack_social_post_already_shared":true,"jetpack_social_options":{"image_generator_settings":{"template":"highway","default_image_id":0,"font":"","enabled":false},"version":2}},"categories":[518,1746,24,209],"tags":[1808,1809,900],"class_list":["post-4319","post","type-post","status-publish","format-standard","has-post-thumbnail","hentry","category-destacada","category-emprendimiento","category-girovisual-tv","category-salud-y-calidad-de-vida","tag-medioambiente","tag-proyecto-bloomberg","tag-quillota"],"jetpack_publicize_connections":[],"_links":{"self":[{"href":"https:\/\/girovisual.cl\/wp2\/wp-json\/wp\/v2\/posts\/4319","targetHints":{"allow":["GET"]}}],"collection":[{"href":"https:\/\/girovisual.cl\/wp2\/wp-json\/wp\/v2\/posts"}],"about":[{"href":"https:\/\/girovisual.cl\/wp2\/wp-json\/wp\/v2\/types\/post"}],"author":[{"embeddable":true,"href":"https:\/\/girovisual.cl\/wp2\/wp-json\/wp\/v2\/users\/4"}],"replies":[{"embeddable":true,"href":"https:\/\/girovisual.cl\/wp2\/wp-json\/wp\/v2\/comments?post=4319"}],"version-history":[{"count":1,"href":"https:\/\/girovisual.cl\/wp2\/wp-json\/wp\/v2\/posts\/4319\/revisions"}],"predecessor-version":[{"id":4323,"href":"https:\/\/girovisual.cl\/wp2\/wp-json\/wp\/v2\/posts\/4319\/revisions\/4323"}],"wp:featuredmedia":[{"embeddable":true,"href":"https:\/\/girovisual.cl\/wp2\/wp-json\/wp\/v2\/media\/4322"}],"wp:attachment":[{"href":"https:\/\/girovisual.cl\/wp2\/wp-json\/wp\/v2\/media?parent=4319"}],"wp:term":[{"taxonomy":"category","embeddable":true,"href":"https:\/\/girovisual.cl\/wp2\/wp-json\/wp\/v2\/categories?post=4319"},{"taxonomy":"post_tag","embeddable":true,"href":"https:\/\/girovisual.cl\/wp2\/wp-json\/wp\/v2\/tags?post=4319"}],"curies":[{"name":"wp","href":"https:\/\/api.w.org\/{rel}","templated":true}]}}