{"id":4309,"date":"2026-09-02T18:13:20","date_gmt":"2026-09-02T22:13:20","guid":{"rendered":"https:\/\/girovisual.cl\/wp2\/?p=4309"},"modified":"2026-09-02T18:13:30","modified_gmt":"2026-09-02T22:13:30","slug":"presidente-de-la-republica-jose-antonio-kast-participa-del-navy-day-organizado-por-la-armada-en-punta-arenas","status":"publish","type":"post","link":"https:\/\/girovisual.cl\/wp2\/presidente-de-la-republica-jose-antonio-kast-participa-del-navy-day-organizado-por-la-armada-en-punta-arenas\/","title":{"rendered":"Presidente de la Rep\u00fablica, Jos\u00e9 Antonio Kast, participa del Navy Day organizado por la Armada en Punta Arenas."},"content":{"rendered":"\n<p class=\"wp-block-paragraph\">El Presidente de la Rep\u00fablica, Jos\u00e9 Antonio Kast, encabez\u00f3 este mi\u00e9rcoles a bordo de la Fragata FFG \u201cPrat\u201d, en el Estrecho de Magallanes, una demostraci\u00f3n de capacidades operativas y de combate de la Armada de Chile, en el marco del denominado Navy Day, desarrollado en el Teatro de Operaciones Austral.<\/p>\n\n\n\n<p class=\"wp-block-paragraph\">El ejercicio permiti\u00f3 observar en un escenario mar\u00edtimo real la capacidad institucional de la Armada para operar de manera integrada con medios de superficie, submarinos, aviaci\u00f3n naval e Infanter\u00eda de Marina. La actividad tiene especial relevancia por desarrollarse en el Estrecho de Magallanes, espacio estrat\u00e9gico que conecta los oc\u00e9anos Pac\u00edfico y Atl\u00e1ntico y que forma parte de la proyecci\u00f3n de Chile hacia el Paso Drake y la Ant\u00e1rtica.<\/p>\n\n\n\n<p class=\"wp-block-paragraph\">Entre las maniobras desarrolladas se realiz\u00f3 un ejercicio de ataque de submarino convencional, que busc\u00f3 reflejar la capacidad de estas unidades para operar de manera discreta y generar un efecto estrat\u00e9gico de disuasi\u00f3n, y una Operaci\u00f3n de Interdicci\u00f3n Mar\u00edtima (MIO) sobre el remolcador \u201cLientur\u201d, mediante la inserci\u00f3n de efectivos con t\u00e9cnica Fast Rope desde una aeronave, maniobra que evidenci\u00f3 la capacidad de abordar e intervenir una embarcaci\u00f3n desde el aire con despliegue r\u00e1pido de personal especializado.<\/p>\n\n\n\n<p class=\"wp-block-paragraph\">Asimismo, se ejecut\u00f3 una maniobra de reaprovisionamiento en la mar (RAS) con el petrolero \u201cAraucano\u201d, procedimiento que permite transferir combustible y suministros mientras las unidades permanecen navegando, adem\u00e1s de un recorrido por la Fragata \u201cPrat\u201d. El Mandatario fue trasladado en helic\u00f3ptero Super Puma entre Punta Arenas y la nave, en una demostraci\u00f3n de la integraci\u00f3n entre aeronaves y unidades de superficie que realiza la Aviaci\u00f3n Naval, la cual cumple adem\u00e1s tareas de vigilancia mar\u00edtima, b\u00fasqueda y rescate, transporte t\u00e1ctico y evacuaci\u00f3n aerom\u00e9dica.<\/p>\n\n\n\n<p class=\"wp-block-paragraph\">A la actividad asistieron el biministro del Interior y Secretar\u00eda General de Gobierno, Claudio Alvarado; el ministro de Defensa, Fernando Barros; el subsecretario de Defensa, Rodrigo \u00c1lvarez; el subsecretario para las Fuerzas Armadas, Christian Bol\u00edvar; el comandante en jefe de la Armada de Chile, almirante Fernando Cabrera, y el comandante en jefe de la Escuadra Nacional, contralmirante Jorge Castillo, adem\u00e1s de otras autoridades navales y de la Defensa Nacional.<\/p>\n\n    <div class=\"xs_social_share_widget xs_share_url after_content \t\tmain_content  wslu-style-1 wslu-share-box-shaped wslu-fill-colored wslu-none wslu-share-horizontal wslu-theme-font-no wslu-main_content\">\n\n\t\t\n        <ul>\n\t\t\t        <\/ul>\n    <\/div> \n","protected":false},"excerpt":{"rendered":"<p>El Presidente de la Rep\u00fablica, Jos\u00e9 Antonio Kast, encabez\u00f3 este mi\u00e9rcoles a bordo de la Fragata FFG \u201cPrat\u201d, en el Estrecho de Magallanes, una demostraci\u00f3n de capacidades operativas y de combate de la Armada de Chile, en el marco del denominado Navy Day, desarrollado en el Teatro de Operaciones Austral. El ejercicio permiti\u00f3 observar en [&hellip;]<\/p>\n","protected":false},"author":4,"featured_media":4312,"comment_status":"closed","ping_status":"open","sticky":false,"template":"","format":"standard","meta":{"postBodyCss":"","postBodyMargin":[],"postBodyPadding":[],"postBodyBackground":{"backgroundType":"classic","gradient":""},"footnotes":"","jetpack_publicize_message":"","jetpack_publicize_feature_enabled":true,"jetpack_social_post_already_shared":true,"jetpack_social_options":{"image_generator_settings":{"template":"highway","default_image_id":0,"font":"","enabled":false},"version":2}},"categories":[518,24,10],"tags":[1476,170,584],"class_list":["post-4309","post","type-post","status-publish","format-standard","has-post-thumbnail","hentry","category-destacada","category-girovisual-tv","category-politica","tag-estrecho-de-magallanes","tag-jose-antonio-kast","tag-punta-arenas"],"jetpack_publicize_connections":[],"_links":{"self":[{"href":"https:\/\/girovisual.cl\/wp2\/wp-json\/wp\/v2\/posts\/4309","targetHints":{"allow":["GET"]}}],"collection":[{"href":"https:\/\/girovisual.cl\/wp2\/wp-json\/wp\/v2\/posts"}],"about":[{"href":"https:\/\/girovisual.cl\/wp2\/wp-json\/wp\/v2\/types\/post"}],"author":[{"embeddable":true,"href":"https:\/\/girovisual.cl\/wp2\/wp-json\/wp\/v2\/users\/4"}],"replies":[{"embeddable":true,"href":"https:\/\/girovisual.cl\/wp2\/wp-json\/wp\/v2\/comments?post=4309"}],"version-history":[{"count":1,"href":"https:\/\/girovisual.cl\/wp2\/wp-json\/wp\/v2\/posts\/4309\/revisions"}],"predecessor-version":[{"id":4313,"href":"https:\/\/girovisual.cl\/wp2\/wp-json\/wp\/v2\/posts\/4309\/revisions\/4313"}],"wp:featuredmedia":[{"embeddable":true,"href":"https:\/\/girovisual.cl\/wp2\/wp-json\/wp\/v2\/media\/4312"}],"wp:attachment":[{"href":"https:\/\/girovisual.cl\/wp2\/wp-json\/wp\/v2\/media?parent=4309"}],"wp:term":[{"taxonomy":"category","embeddable":true,"href":"https:\/\/girovisual.cl\/wp2\/wp-json\/wp\/v2\/categories?post=4309"},{"taxonomy":"post_tag","embeddable":true,"href":"https:\/\/girovisual.cl\/wp2\/wp-json\/wp\/v2\/tags?post=4309"}],"curies":[{"name":"wp","href":"https:\/\/api.w.org\/{rel}","templated":true}]}}