{"id":4303,"date":"2026-09-02T16:12:45","date_gmt":"2026-09-02T20:12:45","guid":{"rendered":"https:\/\/girovisual.cl\/wp2\/?p=4303"},"modified":"2026-09-02T16:12:57","modified_gmt":"2026-09-02T20:12:57","slug":"municipalidad-de-san-antonio-reunio-a-200-participantes-en-seminario-para-fortalecer-la-educacion-tecnico-profesional","status":"publish","type":"post","link":"https:\/\/girovisual.cl\/wp2\/municipalidad-de-san-antonio-reunio-a-200-participantes-en-seminario-para-fortalecer-la-educacion-tecnico-profesional\/","title":{"rendered":"Municipalidad de San Antonio reuni\u00f3 a 200 participantes en seminario para fortalecer la educaci\u00f3n t\u00e9cnico profesional."},"content":{"rendered":"\n<p class=\"wp-block-paragraph\">Con la participaci\u00f3n de 10 establecimientos t\u00e9cnico profesionales de la provincia &nbsp;y cerca de 200 asistentes, se desarroll\u00f3 el seminario \u201cPor una Provincia +TP de la Red Provincial T\u00e9cnico Profesional San Antonio 2026\u201d, instancia que reuni\u00f3 a estudiantes, docentes, directivos, expositores y representantes de empresas.<\/p>\n\n\n\n<p class=\"wp-block-paragraph\">La actividad, organizada en el marco del trabajo del Comit\u00e9 Local Desarrollo Profesional Docente y liderada por el Departamento Provincial de Educaci\u00f3n, tuvo como principal objetivo fortalecer la formaci\u00f3n de los estudiantes, acerc\u00e1ndolos a experiencias reales y motiv\u00e1ndolos a proyectar su futuro acad\u00e9mico y laboral.<\/p>\n\n\n\n<p class=\"wp-block-paragraph\">Uno de ellos fue Cristian Mu\u00f1oz, estudiante de Tercero Medio de la especialidad de Contabilidad del Instituto Comercial Mar\u00edtimo Pac\u00edfico Sur, quien destac\u00f3 la importancia de escuchar las experiencias de los expositores. \u201cLas palabras de los expositores nos inspiran mucho, hacen que uno quiera mejorar\u201d, se\u00f1al\u00f3, agregando que su meta es rendir una buena PAES, ingresar a la universidad y convertirse en contador auditor.<\/p>\n\n\n\n<p class=\"wp-block-paragraph\">Desde la Direcci\u00f3n de Educaci\u00f3n Municipal de San Antonio, su jefe t\u00e9cnico, Sergio Hern\u00e1ndez, valor\u00f3 la participaci\u00f3n de estudiantes de distintos establecimientos y el aporte de exalumnos del sistema t\u00e9cnico profesional, quienes compartieron sus experiencias para motivar a las nuevas generaciones a continuar desarroll\u00e1ndose en sus especialidades.<\/p>\n\n\n\n<p class=\"wp-block-paragraph\">La jornada tambi\u00e9n cont\u00f3 con la participaci\u00f3n de empresas vinculadas al territorio. Jos\u00e9 Z\u00fa\u00f1iga, jefe de Planificaci\u00f3n de Naves de DP World San Antonio, destac\u00f3 la alianza que mantienen con establecimientos educacionales para realizar charlas, visitas t\u00e9cnicas y entregar nuevas herramientas y conocimientos a estudiantes y docentes.<\/p>\n\n\n\n<p class=\"wp-block-paragraph\">Por su parte, la jefa provincial de Educaci\u00f3n, Mar\u00eda In\u00e9s Ortiz, relev\u00f3 el trabajo conjunto que se desarrolla con empresas de la provincia para responder a las necesidades de formaci\u00f3n de los j\u00f3venes y fortalecer sus competencias, con el desaf\u00edo de que, tras su desarrollo profesional, puedan aportar nuevamente a los territorios donde se formaron.<\/p>\n\n\n\n<p class=\"wp-block-paragraph\">De esta manera, el seminario reafirm\u00f3 la importancia de generar redes entre establecimientos educacionales, el mundo empresarial y las instituciones, abriendo nuevas oportunidades para que los estudiantes de la educaci\u00f3n t\u00e9cnico profesional puedan construir y proyectar su futuro.<\/p>\n\n\n\n<p class=\"wp-block-paragraph\">Visto&nbsp;<strong>3<\/strong>&nbsp;veces<\/p>\n\n    <div class=\"xs_social_share_widget xs_share_url after_content \t\tmain_content  wslu-style-1 wslu-share-box-shaped wslu-fill-colored wslu-none wslu-share-horizontal wslu-theme-font-no wslu-main_content\">\n\n\t\t\n        <ul>\n\t\t\t        <\/ul>\n    <\/div> \n","protected":false},"excerpt":{"rendered":"<p>Con la participaci\u00f3n de 10 establecimientos t\u00e9cnico profesionales de la provincia &nbsp;y cerca de 200 asistentes, se desarroll\u00f3 el seminario \u201cPor una Provincia +TP de la Red Provincial T\u00e9cnico Profesional San Antonio 2026\u201d, instancia que reuni\u00f3 a estudiantes, docentes, directivos, expositores y representantes de empresas. La actividad, organizada en el marco del trabajo del Comit\u00e9 [&hellip;]<\/p>\n","protected":false},"author":4,"featured_media":4306,"comment_status":"closed","ping_status":"open","sticky":false,"template":"","format":"standard","meta":{"postBodyCss":"","postBodyMargin":[],"postBodyPadding":[],"postBodyBackground":{"backgroundType":"classic","gradient":""},"footnotes":"","jetpack_publicize_message":"","jetpack_publicize_feature_enabled":true,"jetpack_social_post_already_shared":true,"jetpack_social_options":{"image_generator_settings":{"template":"highway","default_image_id":0,"font":"","enabled":false},"version":2}},"categories":[774,24,5],"tags":[1806,128,996],"class_list":["post-4303","post","type-post","status-publish","format-standard","has-post-thumbnail","hentry","category-educacion","category-girovisual-tv","category-regional","tag-educacion-tecnico-profesional-2","tag-region-de-valparaiso","tag-san-antonio"],"jetpack_publicize_connections":[],"_links":{"self":[{"href":"https:\/\/girovisual.cl\/wp2\/wp-json\/wp\/v2\/posts\/4303","targetHints":{"allow":["GET"]}}],"collection":[{"href":"https:\/\/girovisual.cl\/wp2\/wp-json\/wp\/v2\/posts"}],"about":[{"href":"https:\/\/girovisual.cl\/wp2\/wp-json\/wp\/v2\/types\/post"}],"author":[{"embeddable":true,"href":"https:\/\/girovisual.cl\/wp2\/wp-json\/wp\/v2\/users\/4"}],"replies":[{"embeddable":true,"href":"https:\/\/girovisual.cl\/wp2\/wp-json\/wp\/v2\/comments?post=4303"}],"version-history":[{"count":1,"href":"https:\/\/girovisual.cl\/wp2\/wp-json\/wp\/v2\/posts\/4303\/revisions"}],"predecessor-version":[{"id":4307,"href":"https:\/\/girovisual.cl\/wp2\/wp-json\/wp\/v2\/posts\/4303\/revisions\/4307"}],"wp:featuredmedia":[{"embeddable":true,"href":"https:\/\/girovisual.cl\/wp2\/wp-json\/wp\/v2\/media\/4306"}],"wp:attachment":[{"href":"https:\/\/girovisual.cl\/wp2\/wp-json\/wp\/v2\/media?parent=4303"}],"wp:term":[{"taxonomy":"category","embeddable":true,"href":"https:\/\/girovisual.cl\/wp2\/wp-json\/wp\/v2\/categories?post=4303"},{"taxonomy":"post_tag","embeddable":true,"href":"https:\/\/girovisual.cl\/wp2\/wp-json\/wp\/v2\/tags?post=4303"}],"curies":[{"name":"wp","href":"https:\/\/api.w.org\/{rel}","templated":true}]}}