{"id":4298,"date":"2026-09-02T14:29:28","date_gmt":"2026-09-02T18:29:28","guid":{"rendered":"https:\/\/girovisual.cl\/wp2\/?p=4298"},"modified":"2026-09-02T14:40:30","modified_gmt":"2026-09-02T18:40:30","slug":"paso-fronterizo-los-libertadores-nuevamente-cerra-cerrado-por-condiciones-climaticas","status":"publish","type":"post","link":"https:\/\/girovisual.cl\/wp2\/paso-fronterizo-los-libertadores-nuevamente-cerra-cerrado-por-condiciones-climaticas\/","title":{"rendered":"Paso fronterizo Los Libertadores nuevamente cerra cerrado por condiciones clim\u00e1ticas."},"content":{"rendered":"\n<p class=\"wp-block-paragraph\">Durante este dia Mi\u00e9rcoles, el sistema integrado Cristo Redentor informa a sus a usuarios que de acuerdo a una reunion sostenida por el comit\u00e9 de Coordinaci\u00f3n Chilena y Argentina, realizada el dia Mi\u00e9rcoles 02 de Septiembre, y en virtud de los reportes t\u00e9cnicos entregados por ambas vialidades, debido a las inestabilidades clim\u00e1ticas anunciadas para la alta cordillera, situaci\u00f3n que afectaria una transitabilidad segura para los usuarios, se suspende de forma preventiva, el tr\u00e1nsito internacional para todo tipo de veh\u00edculos.<\/p>\n\n\n\n<p class=\"wp-block-paragraph\">Es por esto que se procede al cierre de las barreras de Guardia Vieja en Chile y Uspallata en Argentina, desde las 15:00 horas de Chile y 16:00 hrs de Argentina de este mi\u00e9rcoles 02 de septiembre. El t\u00fanel internacional cerrar\u00e1 a las 17:00 horas de Chile y 18:00 horas de Argentina<\/p>\n\n\n\n<p class=\"wp-block-paragraph\">Esta medida obedece a las condiciones clim\u00e1ticas desfavorables en la alta monta\u00f1a (nevadas, bajas temperaturas, formaci\u00f3n de hielo y r\u00e1fagas de viento), en ambos sectores que no garantizan condiciones seguras de transitabilidad lo que se mantendr\u00e1 para este jueves 03 de septiembre evaluando Su permanencia en reuni\u00f3n del Comit\u00e9 Binacional de Coordinaci\u00f3n Chilena y Argentina que ser\u00e1 sostenida en el dia de ma\u00f1ana.<\/p>\n\n\n\n<p class=\"wp-block-paragraph\">Cualquier informaci\u00f3n o actualizaci\u00f3n del estado de la ruta se dar\u00e1 a conocer oportunamente a trav\u00e9s de las cuentas y comunicados oficiales a la espera de que las condiciones clim\u00e1ticas cambien en los pr\u00f3ximos dias.<\/p>\n\n\n\n<figure class=\"wp-block-image size-large\"><img fetchpriority=\"high\" decoding=\"async\" width=\"724\" height=\"1024\" src=\"https:\/\/girovisual.cl\/wp2\/wp-content\/uploads\/2026\/09\/image_editor_output_image-262835684-17883736618623084347388013645500-724x1024.jpg\" alt=\"\" class=\"wp-image-4293\" srcset=\"https:\/\/girovisual.cl\/wp2\/wp-content\/uploads\/2026\/09\/image_editor_output_image-262835684-17883736618623084347388013645500-724x1024.jpg 724w, https:\/\/girovisual.cl\/wp2\/wp-content\/uploads\/2026\/09\/image_editor_output_image-262835684-17883736618623084347388013645500-212x300.jpg 212w, https:\/\/girovisual.cl\/wp2\/wp-content\/uploads\/2026\/09\/image_editor_output_image-262835684-17883736618623084347388013645500-768x1087.jpg 768w, https:\/\/girovisual.cl\/wp2\/wp-content\/uploads\/2026\/09\/image_editor_output_image-262835684-17883736618623084347388013645500.jpg 923w\" sizes=\"(max-width: 724px) 100vw, 724px\" \/><figcaption class=\"wp-element-caption\">Comunicado complejo fronterizo<\/figcaption><\/figure>\n\n    <div class=\"xs_social_share_widget xs_share_url after_content \t\tmain_content  wslu-style-1 wslu-share-box-shaped wslu-fill-colored wslu-none wslu-share-horizontal wslu-theme-font-no wslu-main_content\">\n\n\t\t\n        <ul>\n\t\t\t        <\/ul>\n    <\/div> \n","protected":false},"excerpt":{"rendered":"<p>Durante este dia Mi\u00e9rcoles, el sistema integrado Cristo Redentor informa a sus a usuarios que de acuerdo a una reunion sostenida por el comit\u00e9 de Coordinaci\u00f3n Chilena y Argentina, realizada el dia Mi\u00e9rcoles 02 de Septiembre, y en virtud de los reportes t\u00e9cnicos entregados por ambas vialidades, debido a las inestabilidades clim\u00e1ticas anunciadas para la [&hellip;]<\/p>\n","protected":false},"author":5,"featured_media":4296,"comment_status":"closed","ping_status":"open","sticky":false,"template":"","format":"standard","meta":{"postBodyCss":"","postBodyMargin":[],"postBodyPadding":[],"postBodyBackground":{"backgroundType":"classic","gradient":""},"footnotes":"","jetpack_publicize_message":"","jetpack_publicize_feature_enabled":true,"jetpack_social_post_already_shared":true,"jetpack_social_options":{"image_generator_settings":{"template":"highway","default_image_id":0,"font":"","enabled":false},"version":2}},"categories":[518,7,1,5,1683],"tags":[652,92,1803,460,1715],"class_list":["post-4298","post","type-post","status-publish","format-standard","has-post-thumbnail","hentry","category-destacada","category-nacional","category-otras-noticias","category-regional","category-transporte","tag-argentina","tag-chile","tag-cordillera","tag-los-andes","tag-paso-libertadores"],"jetpack_publicize_connections":[],"_links":{"self":[{"href":"https:\/\/girovisual.cl\/wp2\/wp-json\/wp\/v2\/posts\/4298","targetHints":{"allow":["GET"]}}],"collection":[{"href":"https:\/\/girovisual.cl\/wp2\/wp-json\/wp\/v2\/posts"}],"about":[{"href":"https:\/\/girovisual.cl\/wp2\/wp-json\/wp\/v2\/types\/post"}],"author":[{"embeddable":true,"href":"https:\/\/girovisual.cl\/wp2\/wp-json\/wp\/v2\/users\/5"}],"replies":[{"embeddable":true,"href":"https:\/\/girovisual.cl\/wp2\/wp-json\/wp\/v2\/comments?post=4298"}],"version-history":[{"count":1,"href":"https:\/\/girovisual.cl\/wp2\/wp-json\/wp\/v2\/posts\/4298\/revisions"}],"predecessor-version":[{"id":4299,"href":"https:\/\/girovisual.cl\/wp2\/wp-json\/wp\/v2\/posts\/4298\/revisions\/4299"}],"wp:featuredmedia":[{"embeddable":true,"href":"https:\/\/girovisual.cl\/wp2\/wp-json\/wp\/v2\/media\/4296"}],"wp:attachment":[{"href":"https:\/\/girovisual.cl\/wp2\/wp-json\/wp\/v2\/media?parent=4298"}],"wp:term":[{"taxonomy":"category","embeddable":true,"href":"https:\/\/girovisual.cl\/wp2\/wp-json\/wp\/v2\/categories?post=4298"},{"taxonomy":"post_tag","embeddable":true,"href":"https:\/\/girovisual.cl\/wp2\/wp-json\/wp\/v2\/tags?post=4298"}],"curies":[{"name":"wp","href":"https:\/\/api.w.org\/{rel}","templated":true}]}}