{"id":4294,"date":"2026-09-02T14:37:37","date_gmt":"2026-09-02T18:37:37","guid":{"rendered":"https:\/\/girovisual.cl\/wp2\/?p=4294"},"modified":"2026-09-02T14:37:48","modified_gmt":"2026-09-02T18:37:48","slug":"seremi-de-salud-se-reunio-con-familias-damnificadas-por-megaincendio","status":"publish","type":"post","link":"https:\/\/girovisual.cl\/wp2\/seremi-de-salud-se-reunio-con-familias-damnificadas-por-megaincendio\/","title":{"rendered":"Seremi de salud se reuni\u00f3 con familias damnificadas por megaincendio."},"content":{"rendered":"\n<p class=\"wp-block-paragraph\">La Seremi de Salud de Valpara\u00edso, Dra. Mariol Luan P\u00e9rez, particip\u00f3 en una reuni\u00f3n de trabajo y coordinaci\u00f3n con representantes del Comit\u00e9 Luz de Esperanza, organizaci\u00f3n que re\u00fane a familias damnificadas por el megaincendio de febrero de 2024 en Vi\u00f1a del Mar y Quilpu\u00e9.<\/p>\n\n\n\n<p class=\"wp-block-paragraph\">Durante la jornada se abordaron distintas necesidades de las comunidades afectadas, con especial \u00e9nfasis en materias de salud mental, atenci\u00f3n y apoyo social, prevenci\u00f3n, vivienda y reparaci\u00f3n integral.<\/p>\n\n\n\n<p class=\"wp-block-paragraph\">Desde la autoridad sanitaria reafirmamos la importancia de mantener un di\u00e1logo permanente con las comunidades, fortaleciendo la coordinaci\u00f3n intersectorial y avanzando en respuestas que contribuyan al bienestar y recuperaci\u00f3n de las familias.<\/p>\n\n\n\n<p class=\"wp-block-paragraph\">Seguimos trabajando por una recuperaci\u00f3n con enfoque territorial, integral y centrada en las personas.&nbsp;<\/p>\n\n    <div class=\"xs_social_share_widget xs_share_url after_content \t\tmain_content  wslu-style-1 wslu-share-box-shaped wslu-fill-colored wslu-none wslu-share-horizontal wslu-theme-font-no wslu-main_content\">\n\n\t\t\n        <ul>\n\t\t\t        <\/ul>\n    <\/div> \n","protected":false},"excerpt":{"rendered":"<p>La Seremi de Salud de Valpara\u00edso, Dra. Mariol Luan P\u00e9rez, particip\u00f3 en una reuni\u00f3n de trabajo y coordinaci\u00f3n con representantes del Comit\u00e9 Luz de Esperanza, organizaci\u00f3n que re\u00fane a familias damnificadas por el megaincendio de febrero de 2024 en Vi\u00f1a del Mar y Quilpu\u00e9. Durante la jornada se abordaron distintas necesidades de las comunidades afectadas, [&hellip;]<\/p>\n","protected":false},"author":4,"featured_media":4301,"comment_status":"closed","ping_status":"open","sticky":false,"template":"","format":"standard","meta":{"postBodyCss":"","postBodyMargin":[],"postBodyPadding":[],"postBodyBackground":{"backgroundType":"classic","gradient":""},"footnotes":"","jetpack_publicize_message":"","jetpack_publicize_feature_enabled":true,"jetpack_social_post_already_shared":true,"jetpack_social_options":{"image_generator_settings":{"template":"highway","default_image_id":0,"font":"","enabled":false},"version":2}},"categories":[24,5,1009],"tags":[1804,128],"class_list":["post-4294","post","type-post","status-publish","format-standard","has-post-thumbnail","hentry","category-girovisual-tv","category-regional","category-salud","tag-apoyo-psicologico","tag-region-de-valparaiso"],"jetpack_publicize_connections":[],"_links":{"self":[{"href":"https:\/\/girovisual.cl\/wp2\/wp-json\/wp\/v2\/posts\/4294","targetHints":{"allow":["GET"]}}],"collection":[{"href":"https:\/\/girovisual.cl\/wp2\/wp-json\/wp\/v2\/posts"}],"about":[{"href":"https:\/\/girovisual.cl\/wp2\/wp-json\/wp\/v2\/types\/post"}],"author":[{"embeddable":true,"href":"https:\/\/girovisual.cl\/wp2\/wp-json\/wp\/v2\/users\/4"}],"replies":[{"embeddable":true,"href":"https:\/\/girovisual.cl\/wp2\/wp-json\/wp\/v2\/comments?post=4294"}],"version-history":[{"count":1,"href":"https:\/\/girovisual.cl\/wp2\/wp-json\/wp\/v2\/posts\/4294\/revisions"}],"predecessor-version":[{"id":4302,"href":"https:\/\/girovisual.cl\/wp2\/wp-json\/wp\/v2\/posts\/4294\/revisions\/4302"}],"wp:featuredmedia":[{"embeddable":true,"href":"https:\/\/girovisual.cl\/wp2\/wp-json\/wp\/v2\/media\/4301"}],"wp:attachment":[{"href":"https:\/\/girovisual.cl\/wp2\/wp-json\/wp\/v2\/media?parent=4294"}],"wp:term":[{"taxonomy":"category","embeddable":true,"href":"https:\/\/girovisual.cl\/wp2\/wp-json\/wp\/v2\/categories?post=4294"},{"taxonomy":"post_tag","embeddable":true,"href":"https:\/\/girovisual.cl\/wp2\/wp-json\/wp\/v2\/tags?post=4294"}],"curies":[{"name":"wp","href":"https:\/\/api.w.org\/{rel}","templated":true}]}}