{"id":4285,"date":"2026-09-02T13:08:40","date_gmt":"2026-09-02T17:08:40","guid":{"rendered":"https:\/\/girovisual.cl\/wp2\/?p=4285"},"modified":"2026-09-02T13:08:53","modified_gmt":"2026-09-02T17:08:53","slug":"plan-de-intervencion-barrial-alcaldesa-macarena-ripamonti-se-reunio-con-subsecretario-de-prevencion-del-delito-para-coordinar-estrategias-de-trabajo","status":"publish","type":"post","link":"https:\/\/girovisual.cl\/wp2\/plan-de-intervencion-barrial-alcaldesa-macarena-ripamonti-se-reunio-con-subsecretario-de-prevencion-del-delito-para-coordinar-estrategias-de-trabajo\/","title":{"rendered":"Plan de Intervenci\u00f3n Barrial: Alcaldesa Macarena Ripamonti se reuni\u00f3 con subsecretario de Prevenci\u00f3n del Delito para coordinar estrategias de trabajo."},"content":{"rendered":"\n<p class=\"wp-block-paragraph\">Las decisiones se tomar\u00e1n en conjunto, en base a los datos que el municipio ha podido aportar, con su experiencia de trabajo sostenido en la comuna.<\/p>\n\n\n\n<p class=\"wp-block-paragraph\">Los principales desaf\u00edos de la comuna de Vi\u00f1a del Mar en materia de seguridad, las estrategias comunes en la prevenci\u00f3n, control y ordenamiento urbano, as\u00ed como las coordinaciones requeridas, fueron los principales temas que la alcaldesa Macarena Ripamonti abord\u00f3 con el subsecretario de Prevenci\u00f3n del Delito, Gonzalo Guerrero, en una reuni\u00f3n que se realiz\u00f3 en el municipio.<\/p>\n\n\n\n<p class=\"wp-block-paragraph\">En la instancia participaron equipos municipales de Seguridad P\u00fablica y de la subsecretar\u00eda, que junto a las autoridades analizaron la implementaci\u00f3n del Plan de Intervenci\u00f3n \u201cEscudo de Barrio\u201d con que el Gobierno busca intervenir de manera intensiva y con copamiento policial permanente.<\/p>\n\n\n\n<p class=\"wp-block-paragraph\">En la ocasi\u00f3n, la alcaldesa Macarena Ripamonti afirm\u00f3 que \u201cha sido una reuni\u00f3n muy fruct\u00edfera con el subsecretario, en la que hemos compartido las m\u00e9tricas y cifras que manejamos de la ciudad, poniendo esta informaci\u00f3n a disposici\u00f3n para que el plan que se pretende implementar sea eficaz y entregue respuestas concretas a nuestros vecinos. Logramos coordinar acciones futuras y tomaremos cada decisi\u00f3n incorporando la experiencia municipal, que es justamente la experiencia que nuestros vecinos tambi\u00e9n nos van aportando d\u00eda a d\u00eda\u201d.<\/p>\n\n\n\n<p class=\"wp-block-paragraph\">En dicho contexto, la jefa comunal afirm\u00f3 que \u201ces prioritario resguardar a nuestros vecinos; las acciones de seguridad que cada semana realizan los equipos municipales, en coordinaci\u00f3n con las polic\u00edas han sido clave para ir recuperando espacios p\u00fablicos y entregar mayor protecci\u00f3n a la comunidad\u201d.<\/p>\n\n\n\n<p class=\"wp-block-paragraph\">\u201cEn Vi\u00f1a del Mar -subray\u00f3 la alcaldesa- la ley se respeta, y ese es el mensaje que hemos enviado a los delincuentes: en cada hecho delictivo, ponemos a los responsables a disposici\u00f3n de la justicia, entregando los antecedentes y el material probatorio correspondiente\u201d.<\/p>\n\n\n\n<p class=\"wp-block-paragraph\"><strong>PROYECTOS Y PLAN \u201cESCUDO DE BARRIO\u201d<\/strong><\/p>\n\n\n\n<p class=\"wp-block-paragraph\">Adem\u00e1s, el encuentro, permiti\u00f3 analizar diversos proyectos de inversi\u00f3n que el Municipio ejecutar\u00e1 en coordinaci\u00f3n y financiamiento de la subsecretar\u00eda, buscando recuperar espacios p\u00fablicos y dar mayores herramientas a los equipos operativos que realizan la labor permanente en la ciudad.<\/p>\n\n\n\n<p class=\"wp-block-paragraph\">En el caso de Vi\u00f1a del Mar, el subsecretario inform\u00f3 que, preliminarmente, el plan se aplicar\u00e1 en el pol\u00edgono del casco hist\u00f3rico y comercial del plan de la ciudad.<\/p>\n\n\n\n<p class=\"wp-block-paragraph\">La decisi\u00f3n, no obstante, ser\u00e1 materia de ajustes y revisiones para hacer un levantamiento m\u00e1s espec\u00edfico de los datos y, de esta forma, adecuar y coordinar el trabajo de seguridad que ya viene realizando el municipio tanto en el centro como en toda la ciudad, con la subsecretar\u00eda de Prevenci\u00f3n del Delito, las polic\u00edas y otras instituciones relacionadas a esta materia.<\/p>\n\n\n\n<p class=\"wp-block-paragraph\">De esta forma se busca realizar la intervenci\u00f3n en el breve plazo, de manera eficaz y eficiente en relaci\u00f3n a las necesidades que presenta la comuna de Vi\u00f1a del Mar respecto de la seguridad de los barrios y que la intervenci\u00f3n planteada cumpla su objetivo.<\/p>\n\n    <div class=\"xs_social_share_widget xs_share_url after_content \t\tmain_content  wslu-style-1 wslu-share-box-shaped wslu-fill-colored wslu-none wslu-share-horizontal wslu-theme-font-no wslu-main_content\">\n\n\t\t\n        <ul>\n\t\t\t        <\/ul>\n    <\/div> \n","protected":false},"excerpt":{"rendered":"<p>Las decisiones se tomar\u00e1n en conjunto, en base a los datos que el municipio ha podido aportar, con su experiencia de trabajo sostenido en la comuna. Los principales desaf\u00edos de la comuna de Vi\u00f1a del Mar en materia de seguridad, las estrategias comunes en la prevenci\u00f3n, control y ordenamiento urbano, as\u00ed como las coordinaciones requeridas, [&hellip;]<\/p>\n","protected":false},"author":4,"featured_media":4288,"comment_status":"closed","ping_status":"open","sticky":false,"template":"","format":"standard","meta":{"postBodyCss":"","postBodyMargin":[],"postBodyPadding":[],"postBodyBackground":{"backgroundType":"classic","gradient":""},"footnotes":"","jetpack_publicize_message":"","jetpack_publicize_feature_enabled":true,"jetpack_social_post_already_shared":true,"jetpack_social_options":{"image_generator_settings":{"template":"highway","default_image_id":0,"font":"","enabled":false},"version":2}},"categories":[518,24,259,5],"tags":[1802,1801,309],"class_list":["post-4285","post","type-post","status-publish","format-standard","has-post-thumbnail","hentry","category-destacada","category-girovisual-tv","category-policial","category-regional","tag-alcaldesa-ripamonti","tag-intervencion-barrial","tag-vina-del-mar"],"jetpack_publicize_connections":[],"_links":{"self":[{"href":"https:\/\/girovisual.cl\/wp2\/wp-json\/wp\/v2\/posts\/4285","targetHints":{"allow":["GET"]}}],"collection":[{"href":"https:\/\/girovisual.cl\/wp2\/wp-json\/wp\/v2\/posts"}],"about":[{"href":"https:\/\/girovisual.cl\/wp2\/wp-json\/wp\/v2\/types\/post"}],"author":[{"embeddable":true,"href":"https:\/\/girovisual.cl\/wp2\/wp-json\/wp\/v2\/users\/4"}],"replies":[{"embeddable":true,"href":"https:\/\/girovisual.cl\/wp2\/wp-json\/wp\/v2\/comments?post=4285"}],"version-history":[{"count":1,"href":"https:\/\/girovisual.cl\/wp2\/wp-json\/wp\/v2\/posts\/4285\/revisions"}],"predecessor-version":[{"id":4289,"href":"https:\/\/girovisual.cl\/wp2\/wp-json\/wp\/v2\/posts\/4285\/revisions\/4289"}],"wp:featuredmedia":[{"embeddable":true,"href":"https:\/\/girovisual.cl\/wp2\/wp-json\/wp\/v2\/media\/4288"}],"wp:attachment":[{"href":"https:\/\/girovisual.cl\/wp2\/wp-json\/wp\/v2\/media?parent=4285"}],"wp:term":[{"taxonomy":"category","embeddable":true,"href":"https:\/\/girovisual.cl\/wp2\/wp-json\/wp\/v2\/categories?post=4285"},{"taxonomy":"post_tag","embeddable":true,"href":"https:\/\/girovisual.cl\/wp2\/wp-json\/wp\/v2\/tags?post=4285"}],"curies":[{"name":"wp","href":"https:\/\/api.w.org\/{rel}","templated":true}]}}