{"id":4257,"date":"2026-09-02T12:57:52","date_gmt":"2026-09-02T16:57:52","guid":{"rendered":"https:\/\/girovisual.cl\/wp2\/?p=4257"},"modified":"2026-09-02T12:58:06","modified_gmt":"2026-09-02T16:58:06","slug":"villa-alemana-da-inicio-al-mes-patrio-con-izamiento-de-bandera-y-refuerza-campana-celebra-seguro","status":"publish","type":"post","link":"https:\/\/girovisual.cl\/wp2\/villa-alemana-da-inicio-al-mes-patrio-con-izamiento-de-bandera-y-refuerza-campana-celebra-seguro\/","title":{"rendered":"Villa Alemana da inicio al Mes Patrio con izamiento de bandera y refuerza campa\u00f1a \u201cCelebra Seguro\u201d"},"content":{"rendered":"\n<p class=\"wp-block-paragraph\"><br>Con el tradicional izamiento del pabell\u00f3n nacional, la Municipalidad de Villa Alemana dio inicio este lunes al Mes Patrio, en una ceremonia realizada con la participaci\u00f3n de autoridades, dirigentes sociales y vecinos de la comuna. La actividad cont\u00f3 adem\u00e1s con la presentaci\u00f3n de la agrupaci\u00f3n folcl\u00f3rica Ra\u00edces y la Banda Comunal, que acompa\u00f1\u00f3 el izamiento al son del himno nacional.<\/p>\n\n\n\n<p class=\"wp-block-paragraph\">El alcalde Nelson Estay destac\u00f3 el sentido de recuperar y mantener este tipo de ceremonias como parte de la identidad local. \u201cVilla Alemana es una ciudad de tradiciones, Villa Alemana es una ciudad de valores y hoy d\u00eda eso est\u00e1 representado aqu\u00ed, dando inicio a un mes tan importante para nosotros como es el mes del cumplea\u00f1os de Chile. Fue una ceremonia austera, pero con mucha significaci\u00f3n patria\u201d, se\u00f1al\u00f3.<\/p>\n\n\n\n<p class=\"wp-block-paragraph\">En la jornada tambi\u00e9n se reforz\u00f3 la campa\u00f1a municipal \u201cCelebra Seguro\u201d, que contempla una mayor presencia de Seguridad P\u00fablica en distintos sectores de la comuna durante septiembre. Estay llam\u00f3 especialmente al autocuidado durante las celebraciones. \u201cLa protecci\u00f3n de la familia est\u00e1 primero y la responsabilidad de cada uno tambi\u00e9n tiene que hacerse ver. Hay que pasarlo bien en familia y, si usted toma, no conduzca; deje las llaves. Ese es el mensaje para proteger nuestras vidas, la del resto y tambi\u00e9n la de nuestras familias\u201d, afirm\u00f3.<\/p>\n\n    <div class=\"xs_social_share_widget xs_share_url after_content \t\tmain_content  wslu-style-1 wslu-share-box-shaped wslu-fill-colored wslu-none wslu-share-horizontal wslu-theme-font-no wslu-main_content\">\n\n\t\t\n        <ul>\n\t\t\t        <\/ul>\n    <\/div> \n","protected":false},"excerpt":{"rendered":"<p>Con el tradicional izamiento del pabell\u00f3n nacional, la Municipalidad de Villa Alemana dio inicio este lunes al Mes Patrio, en una ceremonia realizada con la participaci\u00f3n de autoridades, dirigentes sociales y vecinos de la comuna. La actividad cont\u00f3 adem\u00e1s con la presentaci\u00f3n de la agrupaci\u00f3n folcl\u00f3rica Ra\u00edces y la Banda Comunal, que acompa\u00f1\u00f3 el izamiento [&hellip;]<\/p>\n","protected":false},"author":13,"featured_media":4260,"comment_status":"closed","ping_status":"open","sticky":false,"template":"","format":"standard","meta":{"postBodyCss":"","postBodyMargin":[],"postBodyPadding":[],"postBodyBackground":{"backgroundType":"classic","gradient":""},"footnotes":"","jetpack_publicize_message":"","jetpack_publicize_feature_enabled":true,"jetpack_social_post_already_shared":true,"jetpack_social_options":{"image_generator_settings":{"template":"highway","default_image_id":0,"font":"","enabled":false},"version":2}},"categories":[1800,5],"tags":[1799,404,1164],"class_list":["post-4257","post","type-post","status-publish","format-standard","has-post-thumbnail","hentry","category-fiestas-patrias","category-regional","tag-celebra-seguro","tag-fiestas-patrias","tag-villa-alemana"],"jetpack_publicize_connections":[],"_links":{"self":[{"href":"https:\/\/girovisual.cl\/wp2\/wp-json\/wp\/v2\/posts\/4257","targetHints":{"allow":["GET"]}}],"collection":[{"href":"https:\/\/girovisual.cl\/wp2\/wp-json\/wp\/v2\/posts"}],"about":[{"href":"https:\/\/girovisual.cl\/wp2\/wp-json\/wp\/v2\/types\/post"}],"author":[{"embeddable":true,"href":"https:\/\/girovisual.cl\/wp2\/wp-json\/wp\/v2\/users\/13"}],"replies":[{"embeddable":true,"href":"https:\/\/girovisual.cl\/wp2\/wp-json\/wp\/v2\/comments?post=4257"}],"version-history":[{"count":1,"href":"https:\/\/girovisual.cl\/wp2\/wp-json\/wp\/v2\/posts\/4257\/revisions"}],"predecessor-version":[{"id":4261,"href":"https:\/\/girovisual.cl\/wp2\/wp-json\/wp\/v2\/posts\/4257\/revisions\/4261"}],"wp:featuredmedia":[{"embeddable":true,"href":"https:\/\/girovisual.cl\/wp2\/wp-json\/wp\/v2\/media\/4260"}],"wp:attachment":[{"href":"https:\/\/girovisual.cl\/wp2\/wp-json\/wp\/v2\/media?parent=4257"}],"wp:term":[{"taxonomy":"category","embeddable":true,"href":"https:\/\/girovisual.cl\/wp2\/wp-json\/wp\/v2\/categories?post=4257"},{"taxonomy":"post_tag","embeddable":true,"href":"https:\/\/girovisual.cl\/wp2\/wp-json\/wp\/v2\/tags?post=4257"}],"curies":[{"name":"wp","href":"https:\/\/api.w.org\/{rel}","templated":true}]}}