{"id":4248,"date":"2026-09-02T12:49:17","date_gmt":"2026-09-02T16:49:17","guid":{"rendered":"https:\/\/girovisual.cl\/wp2\/?p=4248"},"modified":"2026-09-02T12:49:36","modified_gmt":"2026-09-02T16:49:36","slug":"sumate-a-lo-que-nos-une-teleton-valparaiso-busca-voluntarios-y-voluntarias-para-su-campana-solidaria-2026","status":"publish","type":"post","link":"https:\/\/girovisual.cl\/wp2\/sumate-a-lo-que-nos-une-teleton-valparaiso-busca-voluntarios-y-voluntarias-para-su-campana-solidaria-2026\/","title":{"rendered":"\u201cS\u00famate a lo que nos une\u201d: Telet\u00f3n Valpara\u00edso busca voluntarios y voluntarias para su campa\u00f1a solidaria 2026"},"content":{"rendered":"\n<p class=\"wp-block-paragraph\">Como parte de las actividades que buscan motivar al pa\u00eds para la campa\u00f1a de los d\u00edas 6 y 7 de noviembre, el <strong>Instituto Telet\u00f3n de Valpara\u00edso<\/strong> dio inicio a las postulaciones para ser parte del <strong>Voluntariado de Campa\u00f1a 2026.<\/strong><\/p>\n\n\n\n<p class=\"wp-block-paragraph\">La convocatoria busca conformar grupos de voluntarios y voluntarias que, entre septiembre y noviembre, desarrollar\u00e1n actividades en terreno y en redes sociales. Su labor incluye el tradicional <strong>afichaje<\/strong>, la <strong>Pintat\u00f3n<\/strong>, <strong>visitas a colegios<\/strong>, <strong>jardines infantiles<\/strong>, <strong>universidades<\/strong> y <strong>empresas<\/strong>, adem\u00e1s de la difusi\u00f3n de los contenidos oficiales de Telet\u00f3n en plataformas digitales, con el fin de motivar a m\u00e1s personas de la regi\u00f3n a sumarse a esta gran cruzada solidaria.<\/p>\n\n\n\n<p class=\"wp-block-paragraph\"><strong>Los requisitos para postular<\/strong> son tener 18 a\u00f1os cumplidos o m\u00e1s, tener compromiso, entusiasmo y vocaci\u00f3n de servicio, y contar con disponibilidad de al menos un turno semanal de 4 horas por las ma\u00f1anas o las tardes.<\/p>\n\n\n\n<p class=\"wp-block-paragraph\"><strong>Las inscripciones estar\u00e1n abiertas hasta el domingo 18 de octubre<\/strong> en <a href=\"http:\/\/www.teleton.cl\/\"><\/a><a href=\"http:\/\/www.teleton.cl\/\"><u><strong>www.teleton.cl<\/strong><\/u><\/a> o directamente en el formulario habilitado en <a href=\"https:\/\/voluntariado-teleton.cl\/Public\/Logincampania\"><u><strong>https:\/\/voluntariado-teleton.cl\/Public\/Logincampania<\/strong><\/u><\/a><strong>,<\/strong> el cual es la \u00fanica v\u00eda de postulaci\u00f3n. Junto con ingresar sus datos personales, los aspirantes deber\u00e1n seleccionar el instituto m\u00e1s cercano a su domicilio, en este caso, Valpara\u00edso.<\/p>\n\n\n\n<p class=\"wp-block-paragraph\"><\/p>\n\n    <div class=\"xs_social_share_widget xs_share_url after_content \t\tmain_content  wslu-style-1 wslu-share-box-shaped wslu-fill-colored wslu-none wslu-share-horizontal wslu-theme-font-no wslu-main_content\">\n\n\t\t\n        <ul>\n\t\t\t        <\/ul>\n    <\/div> \n","protected":false},"excerpt":{"rendered":"<p>Como parte de las actividades que buscan motivar al pa\u00eds para la campa\u00f1a de los d\u00edas 6 y 7 de noviembre, el Instituto Telet\u00f3n de Valpara\u00edso dio inicio a las postulaciones para ser parte del Voluntariado de Campa\u00f1a 2026. La convocatoria busca conformar grupos de voluntarios y voluntarias que, entre septiembre y noviembre, desarrollar\u00e1n actividades [&hellip;]<\/p>\n","protected":false},"author":13,"featured_media":4253,"comment_status":"closed","ping_status":"open","sticky":false,"template":"","format":"standard","meta":{"postBodyCss":"","postBodyMargin":[],"postBodyPadding":[],"postBodyBackground":{"backgroundType":"classic","gradient":""},"footnotes":"","jetpack_publicize_message":"","jetpack_publicize_feature_enabled":true,"jetpack_social_post_already_shared":true,"jetpack_social_options":{"image_generator_settings":{"template":"highway","default_image_id":0,"font":"","enabled":false},"version":2}},"categories":[15,5,1798],"tags":[1795,1796],"class_list":["post-4248","post","type-post","status-publish","format-standard","has-post-thumbnail","hentry","category-espectaculos","category-regional","category-teleton","tag-teleton-2026","tag-voluntarios-teleton"],"jetpack_publicize_connections":[],"_links":{"self":[{"href":"https:\/\/girovisual.cl\/wp2\/wp-json\/wp\/v2\/posts\/4248","targetHints":{"allow":["GET"]}}],"collection":[{"href":"https:\/\/girovisual.cl\/wp2\/wp-json\/wp\/v2\/posts"}],"about":[{"href":"https:\/\/girovisual.cl\/wp2\/wp-json\/wp\/v2\/types\/post"}],"author":[{"embeddable":true,"href":"https:\/\/girovisual.cl\/wp2\/wp-json\/wp\/v2\/users\/13"}],"replies":[{"embeddable":true,"href":"https:\/\/girovisual.cl\/wp2\/wp-json\/wp\/v2\/comments?post=4248"}],"version-history":[{"count":1,"href":"https:\/\/girovisual.cl\/wp2\/wp-json\/wp\/v2\/posts\/4248\/revisions"}],"predecessor-version":[{"id":4254,"href":"https:\/\/girovisual.cl\/wp2\/wp-json\/wp\/v2\/posts\/4248\/revisions\/4254"}],"wp:featuredmedia":[{"embeddable":true,"href":"https:\/\/girovisual.cl\/wp2\/wp-json\/wp\/v2\/media\/4253"}],"wp:attachment":[{"href":"https:\/\/girovisual.cl\/wp2\/wp-json\/wp\/v2\/media?parent=4248"}],"wp:term":[{"taxonomy":"category","embeddable":true,"href":"https:\/\/girovisual.cl\/wp2\/wp-json\/wp\/v2\/categories?post=4248"},{"taxonomy":"post_tag","embeddable":true,"href":"https:\/\/girovisual.cl\/wp2\/wp-json\/wp\/v2\/tags?post=4248"}],"curies":[{"name":"wp","href":"https:\/\/api.w.org\/{rel}","templated":true}]}}