{"id":4230,"date":"2026-09-02T11:10:54","date_gmt":"2026-09-02T15:10:54","guid":{"rendered":"https:\/\/girovisual.cl\/wp2\/?p=4230"},"modified":"2026-09-02T11:11:03","modified_gmt":"2026-09-02T15:11:03","slug":"presidente-de-la-republica-jose-antonio-kast-presenta-programa-para-mejoramiento-de-viviendas-y-barrios-en-punta-arenas","status":"publish","type":"post","link":"https:\/\/girovisual.cl\/wp2\/presidente-de-la-republica-jose-antonio-kast-presenta-programa-para-mejoramiento-de-viviendas-y-barrios-en-punta-arenas\/","title":{"rendered":"Presidente de la Rep\u00fablica, Jos\u00e9 Antonio Kast, presenta programa para mejoramiento de viviendas y barrios en Punta Arenas."},"content":{"rendered":"\n<p class=\"wp-block-paragraph\">El Presidente de la Rep\u00fablica, Jos\u00e9 Antonio Kast, visit\u00f3 este mi\u00e9rcoles a vecinos del sector Juan Pablo II, en Punta Arenas, para presentar los alcances regionales del Programa de Mejoramiento de Viviendas y Barrios (DS27), iniciativa destinada a financiar mejoramientos de viviendas, condominios sociales, acondicionamiento t\u00e9rmico y equipamiento comunitario.<\/p>\n\n\n\n<p class=\"wp-block-paragraph\">La actividad se realiz\u00f3 en la sede de la Junta de Vecinos N\u00b051 Juan Pablo II, ubicada en calle Gaspar Mar\u00edn 01170.<\/p>\n\n\n\n<p class=\"wp-block-paragraph\">El programa contempla durante 2026 una inversi\u00f3n nacional de 10.765.825 UF, con una proyecci\u00f3n de 68.456 viviendas beneficiadas y 19.431 empleos generados a trav\u00e9s de obras habitacionales y comunitarias a lo largo del pa\u00eds.<\/p>\n\n\n\n<p class=\"wp-block-paragraph\">Para la Regi\u00f3n de Magallanes se consideran 355 subsidios por un total de 98.673 UF, equivalentes a aproximadamente $4.032 millones, distribuidos en cuatro l\u00edneas de intervenci\u00f3n: 2 subsidios para equipamiento comunitario (7.735 UF), 97 para mejoramiento de viviendas (15.000 UF), 92 para mejoramiento de condominios sociales (20.000 UF) y 164 para acondicionamiento t\u00e9rmico (55.938 UF), l\u00ednea que concentra la mayor cantidad de subsidios y recursos regionales.<\/p>\n\n\n\n<p class=\"wp-block-paragraph\">A esto se suma que Serviu Magallanes mantiene actualmente 20 contratos de obras en ejecuci\u00f3n, asociados a proyectos habitacionales, urbanos, mejoramientos, conservaci\u00f3n de v\u00edas, aguas lluvias, espacios p\u00fablicos y equipamiento, que en conjunto representan 655 empleos directos y 180 indirectos, totalizando 835 puestos de trabajo en la regi\u00f3n.<\/p>\n\n\n\n<p class=\"wp-block-paragraph\">A la actividad asistieron el ministro de Vivienda y Urbanismo, Iv\u00e1n Poduje; la delegada presidencial regional de Magallanes, Ericka Far\u00edas; el seremi de Vivienda y Urbanismo, Rodolfo Guajardo; el alcalde de Punta Arenas, Claudio Radonich; la presidenta de la Junta de Vecinos Juan Pablo II, Celia Mansilla; la presidenta del Consejo Vecinal, Jesica Paredes, y el representante de UTRAMAG, Jaime C\u00e1rdenas Gallardo.<\/p>\n\n    <div class=\"xs_social_share_widget xs_share_url after_content \t\tmain_content  wslu-style-1 wslu-share-box-shaped wslu-fill-colored wslu-none wslu-share-horizontal wslu-theme-font-no wslu-main_content\">\n\n\t\t\n        <ul>\n\t\t\t        <\/ul>\n    <\/div> \n","protected":false},"excerpt":{"rendered":"<p>El Presidente de la Rep\u00fablica, Jos\u00e9 Antonio Kast, visit\u00f3 este mi\u00e9rcoles a vecinos del sector Juan Pablo II, en Punta Arenas, para presentar los alcances regionales del Programa de Mejoramiento de Viviendas y Barrios (DS27), iniciativa destinada a financiar mejoramientos de viviendas, condominios sociales, acondicionamiento t\u00e9rmico y equipamiento comunitario. La actividad se realiz\u00f3 en la [&hellip;]<\/p>\n","protected":false},"author":4,"featured_media":4233,"comment_status":"closed","ping_status":"open","sticky":false,"template":"","format":"standard","meta":{"postBodyCss":"","postBodyMargin":[],"postBodyPadding":[],"postBodyBackground":{"backgroundType":"classic","gradient":""},"footnotes":"","jetpack_publicize_message":"","jetpack_publicize_feature_enabled":true,"jetpack_social_post_already_shared":true,"jetpack_social_options":{"image_generator_settings":{"template":"highway","default_image_id":0,"font":"","enabled":false},"version":2}},"categories":[518,24,7],"tags":[335,1792,584],"class_list":["post-4230","post","type-post","status-publish","format-standard","has-post-thumbnail","hentry","category-destacada","category-girovisual-tv","category-nacional","tag-presidente-kast","tag-programa-mejoramiento-de-viviendas","tag-punta-arenas"],"jetpack_publicize_connections":[],"_links":{"self":[{"href":"https:\/\/girovisual.cl\/wp2\/wp-json\/wp\/v2\/posts\/4230","targetHints":{"allow":["GET"]}}],"collection":[{"href":"https:\/\/girovisual.cl\/wp2\/wp-json\/wp\/v2\/posts"}],"about":[{"href":"https:\/\/girovisual.cl\/wp2\/wp-json\/wp\/v2\/types\/post"}],"author":[{"embeddable":true,"href":"https:\/\/girovisual.cl\/wp2\/wp-json\/wp\/v2\/users\/4"}],"replies":[{"embeddable":true,"href":"https:\/\/girovisual.cl\/wp2\/wp-json\/wp\/v2\/comments?post=4230"}],"version-history":[{"count":1,"href":"https:\/\/girovisual.cl\/wp2\/wp-json\/wp\/v2\/posts\/4230\/revisions"}],"predecessor-version":[{"id":4234,"href":"https:\/\/girovisual.cl\/wp2\/wp-json\/wp\/v2\/posts\/4230\/revisions\/4234"}],"wp:featuredmedia":[{"embeddable":true,"href":"https:\/\/girovisual.cl\/wp2\/wp-json\/wp\/v2\/media\/4233"}],"wp:attachment":[{"href":"https:\/\/girovisual.cl\/wp2\/wp-json\/wp\/v2\/media?parent=4230"}],"wp:term":[{"taxonomy":"category","embeddable":true,"href":"https:\/\/girovisual.cl\/wp2\/wp-json\/wp\/v2\/categories?post=4230"},{"taxonomy":"post_tag","embeddable":true,"href":"https:\/\/girovisual.cl\/wp2\/wp-json\/wp\/v2\/tags?post=4230"}],"curies":[{"name":"wp","href":"https:\/\/api.w.org\/{rel}","templated":true}]}}