{"id":4221,"date":"2026-09-02T11:00:36","date_gmt":"2026-09-02T15:00:36","guid":{"rendered":"https:\/\/girovisual.cl\/wp2\/?p=4221"},"modified":"2026-09-02T11:00:51","modified_gmt":"2026-09-02T15:00:51","slug":"vecinos-del-sector-norte-de-villa-alemana-celebran-la-inauguracion-de-los-esperados-semaforos-en-el-cruce-de-ignacio-carrera-pinto-y-madrid","status":"publish","type":"post","link":"https:\/\/girovisual.cl\/wp2\/vecinos-del-sector-norte-de-villa-alemana-celebran-la-inauguracion-de-los-esperados-semaforos-en-el-cruce-de-ignacio-carrera-pinto-y-madrid\/","title":{"rendered":"Vecinos del sector norte de Villa Alemana celebran la inauguraci\u00f3n de los esperados sem\u00e1foros en el cruce de Ignacio Carrera Pinto y Madrid."},"content":{"rendered":"\n<p class=\"wp-block-paragraph\">Alcalde Nelson Estay valor\u00f3 la concreci\u00f3n de este proyecto que era calificado como \u201cun sue\u00f1o\u201d por la<br>comunidad, mientras que los dirigentes vecinales destacaron la seguridad que aportar\u00e1 este<br>sem\u00e1foro para un sector que ha experimentado un notable crecimiento en los \u00faltimos a\u00f1os.<\/p>\n\n\n\n<p class=\"wp-block-paragraph\">Ya es realidad. Pocas veces la inauguraci\u00f3n de sem\u00e1foros hab\u00eda generado tantos aplausos<br>espont\u00e1neos e incluso bocinazos de quienes pasaban por el lugar. Pero eso fue exactamente lo que<br>ocurri\u00f3 cuando se concret\u00f3 la entrega del proyecto \u201cMejoramiento y semaforizaci\u00f3n del cruce de<br>calles Madrid con Ignacio Carrera Pinto\u201d, en el sector norte de Villa Alemana.<br>El alcalde Nelson Estay coment\u00f3 que \u201ceste cruce une el lado norte con el lado sur de la comuna. No<br>hay otra calle como Ignacio Carrera Pinto que recorra de punta a punta la comuna. Y esta esquina es<br>un sector de mucha convergencia de peatones y automovilistas porque tenemos una estaci\u00f3n de<br>metro muy cerca, hay muchos colegios tambi\u00e9n, entonces hoy vemos que los dirigentes est\u00e1n felices<br>y yo les agradezco porque son ellos quienes nos manifiestan sus necesidades. Lo que hacemos los<br>alcaldes es ser facilitadores y poner voluntad para que este tipo de obras se realicen\u201d.<br>El proyecto de semaforizaci\u00f3n fue financiado por la Subsecretar\u00eda de Desarrollo Regional y<br>Administrativo, a trav\u00e9s del Programa de Mejoramiento Urbano y Equipamiento Comunal, en su<br>l\u00ednea tradicional. La inversi\u00f3n alcanz\u00f3 los $144.934.564 y las obras fueron ejecutadas por la empresa<br>Autom\u00e1tica y Regulaci\u00f3n S.A. Junto a la instalaci\u00f3n de los sem\u00e1foros, la iniciativa incluy\u00f3 el<br>reemplazo de se\u00f1al\u00e9tica y nuevas demarcaciones horizontales de tr\u00e1nsito.<br>Adem\u00e1s, el alcalde Estay anunci\u00f3 que pronto deber\u00eda concretarse una nueva inauguraci\u00f3n de<br>sem\u00e1foros, esta vez en la esquina de El Mirador con Madrid, tambi\u00e9n en el sector norte de Villa<br>Alemana. \u201cS\u00ed, falta poquito y tambi\u00e9n es un sem\u00e1foro esperado por mucho tiempo dado el<br>desarrollo inmobiliario del sector El Mirador. Con ese sem\u00e1foro vamos a regular el tr\u00e1nsito y dar<br>mayor tranquilidad a las familias, los peatones y los automovilistas\u201d, dijo.<br>En tanto, los vecinos del sector Ignacio Carrera Pinto celebraron con entusiasmo la concreci\u00f3n de lo<br>que para ellos era un sue\u00f1o. Jorge Doerner, presidente de la Junta de Vecinos Vi\u00f1as y Canteras,<br>indic\u00f3 que \u201chace m\u00e1s de cinco a\u00f1os que est\u00e1bamos esperando este sem\u00e1foro. Ahora estamos muy<br>felices, muy contentos de que se haya hecho realidad algo que esperamos tanto tiempo. Ac\u00e1 se<br>produc\u00edan muchos accidentes, as\u00ed que es una tranquilidad para todos los vecinos que el sem\u00e1foro ya<br>est\u00e9 instalado y funcionando\u201d.<\/p>\n\n\n\n<p class=\"wp-block-paragraph\">Por su parte, Pamela Lange, presidenta de la Junta de Vecinos Poblaci\u00f3n de Profesores, se\u00f1al\u00f3 que<br>\u201cpara nosotros es s\u00faper importante este avance que va a beneficiar mucho a nuestra junta de<br>vecinos y a otras aleda\u00f1as. Vemos c\u00f3mo avanza nuestro sector y estamos muy agradecidos y felices,<br>todo ha cambiado, se ha ido poblando, se han pavimentado calles, han mejorado las luminarias,<br>tenemos m\u00e1s negocios, el entorno entero est\u00e1 m\u00e1s lindo y ahora sumamos el sem\u00e1foro,<\/p>\n\n    <div class=\"xs_social_share_widget xs_share_url after_content \t\tmain_content  wslu-style-1 wslu-share-box-shaped wslu-fill-colored wslu-none wslu-share-horizontal wslu-theme-font-no wslu-main_content\">\n\n\t\t\n        <ul>\n\t\t\t        <\/ul>\n    <\/div> \n","protected":false},"excerpt":{"rendered":"<p>Alcalde Nelson Estay valor\u00f3 la concreci\u00f3n de este proyecto que era calificado como \u201cun sue\u00f1o\u201d por lacomunidad, mientras que los dirigentes vecinales destacaron la seguridad que aportar\u00e1 estesem\u00e1foro para un sector que ha experimentado un notable crecimiento en los \u00faltimos a\u00f1os. Ya es realidad. Pocas veces la inauguraci\u00f3n de sem\u00e1foros hab\u00eda generado tantos aplausosespont\u00e1neos e [&hellip;]<\/p>\n","protected":false},"author":4,"featured_media":4224,"comment_status":"closed","ping_status":"open","sticky":false,"template":"","format":"standard","meta":{"postBodyCss":"","postBodyMargin":[],"postBodyPadding":[],"postBodyBackground":{"backgroundType":"classic","gradient":""},"footnotes":"","jetpack_publicize_message":"","jetpack_publicize_feature_enabled":true,"jetpack_social_post_already_shared":true,"jetpack_social_options":{"image_generator_settings":{"template":"highway","default_image_id":0,"font":"","enabled":false},"version":2}},"categories":[24,1,5,1683],"tags":[1790,1788,1164],"class_list":["post-4221","post","type-post","status-publish","format-standard","has-post-thumbnail","hentry","category-girovisual-tv","category-otras-noticias","category-regional","category-transporte","tag-ignacio-carrera-pinto","tag-semafoto","tag-villa-alemana"],"jetpack_publicize_connections":[],"_links":{"self":[{"href":"https:\/\/girovisual.cl\/wp2\/wp-json\/wp\/v2\/posts\/4221","targetHints":{"allow":["GET"]}}],"collection":[{"href":"https:\/\/girovisual.cl\/wp2\/wp-json\/wp\/v2\/posts"}],"about":[{"href":"https:\/\/girovisual.cl\/wp2\/wp-json\/wp\/v2\/types\/post"}],"author":[{"embeddable":true,"href":"https:\/\/girovisual.cl\/wp2\/wp-json\/wp\/v2\/users\/4"}],"replies":[{"embeddable":true,"href":"https:\/\/girovisual.cl\/wp2\/wp-json\/wp\/v2\/comments?post=4221"}],"version-history":[{"count":1,"href":"https:\/\/girovisual.cl\/wp2\/wp-json\/wp\/v2\/posts\/4221\/revisions"}],"predecessor-version":[{"id":4225,"href":"https:\/\/girovisual.cl\/wp2\/wp-json\/wp\/v2\/posts\/4221\/revisions\/4225"}],"wp:featuredmedia":[{"embeddable":true,"href":"https:\/\/girovisual.cl\/wp2\/wp-json\/wp\/v2\/media\/4224"}],"wp:attachment":[{"href":"https:\/\/girovisual.cl\/wp2\/wp-json\/wp\/v2\/media?parent=4221"}],"wp:term":[{"taxonomy":"category","embeddable":true,"href":"https:\/\/girovisual.cl\/wp2\/wp-json\/wp\/v2\/categories?post=4221"},{"taxonomy":"post_tag","embeddable":true,"href":"https:\/\/girovisual.cl\/wp2\/wp-json\/wp\/v2\/tags?post=4221"}],"curies":[{"name":"wp","href":"https:\/\/api.w.org\/{rel}","templated":true}]}}