{"id":4212,"date":"2026-09-02T09:28:15","date_gmt":"2026-09-02T13:28:15","guid":{"rendered":"https:\/\/girovisual.cl\/wp2\/?p=4212"},"modified":"2026-09-02T09:52:41","modified_gmt":"2026-09-02T13:52:41","slug":"valparaiso-aun-no-notifican-a-exdelegados-por-juicio-de-cuentas-tras-megaincendio","status":"publish","type":"post","link":"https:\/\/girovisual.cl\/wp2\/valparaiso-aun-no-notifican-a-exdelegados-por-juicio-de-cuentas-tras-megaincendio\/","title":{"rendered":"Valpara\u00edso: A\u00fan no notifican a exdelegados por juicio de cuentas tras megaincendio"},"content":{"rendered":"\n<p class=\"wp-block-paragraph\">Contralor\u00eda a\u00fan no notifica a exdelegados presidenciales por el juicio de cuentas iniciado tras tratos directos en la emergencia de Valpara\u00edso.<\/p>\n\n\n\n<p class=\"wp-block-paragraph\">A m\u00e1s de dos a\u00f1os de la tragedia, el proceso administrativo impulsado por la Contralor\u00eda General de la Rep\u00fablica por eventuales irregularidades en la gesti\u00f3n de la emergencia del megaincendio de Valpara\u00edso suma un nuevo cap\u00edtulo. Hasta la fecha, las exautoridades involucradas en la contrataci\u00f3n de servicios mediante tratos directos no han sido notificadas formalmente del juicio de cuentas iniciado en su contra.<\/p>\n\n\n\n<p class=\"wp-block-paragraph\">La investigaci\u00f3n del \u00f3rgano contralor busca determinar la eventual responsabilidad civil y administrativa de los exdelegados presidenciales que lideraron las compras de emergencia e instalaci\u00f3n de infraestructura provisoria en las zonas damnificadas.<\/p>\n\n\n\n<h2 class=\"wp-block-heading\">Tratos directos bajo la lupa de Contralor\u00eda<\/h2>\n\n\n\n<p class=\"wp-block-paragraph\">El proceso se origin\u00f3 tras las auditor\u00edas realizadas a los recursos p\u00fablicos destinados a la reconstrucci\u00f3n y asistencia inmediata de las familias afectadas por los incendios forestales en la Regi\u00f3n de Valpara\u00edso. Los informes detectaron falencias en el respaldo documental de contrataciones directas por montos millonarios adjudicados a proveedores privados.<\/p>\n\n\n\n<p class=\"wp-block-paragraph\">Pese a que el informe final establec\u00eda reparos contables significativos, la falta de notificaci\u00f3n a las exautoridades mantiene en pausa la fase de descargos, impidiendo que los querellantes e investigados presenten los antecedentes para respaldar las rendiciones de gastos ejecutadas durante el periodo de cat\u00e1strofe.<\/p>\n\n\n\n<h2 class=\"wp-block-heading\">Incertidumbre sobre los plazos y responsabilidades<\/h2>\n\n\n\n<p class=\"wp-block-paragraph\">La dilataci\u00f3n en las notificaciones genera inquietud en los gremios y parlamentarios de la zona, quienes han solicitado celeridad al ente contralor para esclarecer el destino de los fondos de emergencia y deslindar las responsabilidades correspondientes.<\/p>\n\n\n\n<p class=\"wp-block-paragraph\">Una vez notificados, los exdelegados dispondr\u00e1n de los plazos legales establecidos para contestar los requerimientos de Contralor\u00eda y solicitar la absoluci\u00f3n de los cargos contables imputados.<\/p>\n\n    <div class=\"xs_social_share_widget xs_share_url after_content \t\tmain_content  wslu-style-1 wslu-share-box-shaped wslu-fill-colored wslu-none wslu-share-horizontal wslu-theme-font-no wslu-main_content\">\n\n\t\t\n        <ul>\n\t\t\t        <\/ul>\n    <\/div> \n","protected":false},"excerpt":{"rendered":"<p>Contralor\u00eda a\u00fan no notifica a exdelegados presidenciales por el juicio de cuentas iniciado tras tratos directos en la emergencia de Valpara\u00edso. A m\u00e1s de dos a\u00f1os de la tragedia, el proceso administrativo impulsado por la Contralor\u00eda General de la Rep\u00fablica por eventuales irregularidades en la gesti\u00f3n de la emergencia del megaincendio de Valpara\u00edso suma un [&hellip;]<\/p>\n","protected":false},"author":1,"featured_media":4215,"comment_status":"closed","ping_status":"open","sticky":false,"template":"","format":"standard","meta":{"postBodyCss":"","postBodyMargin":[],"postBodyPadding":[],"postBodyBackground":{"backgroundType":"classic","gradient":""},"footnotes":"","jetpack_publicize_message":"","jetpack_publicize_feature_enabled":true,"jetpack_social_post_already_shared":true,"jetpack_social_options":{"image_generator_settings":{"template":"highway","default_image_id":0,"font":"","enabled":false},"version":2}},"categories":[518,1142,10,5],"tags":[1781,1782,1784,1783],"class_list":["post-4212","post","type-post","status-publish","format-standard","has-post-thumbnail","hentry","category-destacada","category-poder-judicial","category-politica","category-regional","tag-contraloria-chile","tag-delegados-presidenciales","tag-juicio-de-cuentas","tag-megaincendio-valparaiso"],"jetpack_publicize_connections":[],"_links":{"self":[{"href":"https:\/\/girovisual.cl\/wp2\/wp-json\/wp\/v2\/posts\/4212","targetHints":{"allow":["GET"]}}],"collection":[{"href":"https:\/\/girovisual.cl\/wp2\/wp-json\/wp\/v2\/posts"}],"about":[{"href":"https:\/\/girovisual.cl\/wp2\/wp-json\/wp\/v2\/types\/post"}],"author":[{"embeddable":true,"href":"https:\/\/girovisual.cl\/wp2\/wp-json\/wp\/v2\/users\/1"}],"replies":[{"embeddable":true,"href":"https:\/\/girovisual.cl\/wp2\/wp-json\/wp\/v2\/comments?post=4212"}],"version-history":[{"count":1,"href":"https:\/\/girovisual.cl\/wp2\/wp-json\/wp\/v2\/posts\/4212\/revisions"}],"predecessor-version":[{"id":4216,"href":"https:\/\/girovisual.cl\/wp2\/wp-json\/wp\/v2\/posts\/4212\/revisions\/4216"}],"wp:featuredmedia":[{"embeddable":true,"href":"https:\/\/girovisual.cl\/wp2\/wp-json\/wp\/v2\/media\/4215"}],"wp:attachment":[{"href":"https:\/\/girovisual.cl\/wp2\/wp-json\/wp\/v2\/media?parent=4212"}],"wp:term":[{"taxonomy":"category","embeddable":true,"href":"https:\/\/girovisual.cl\/wp2\/wp-json\/wp\/v2\/categories?post=4212"},{"taxonomy":"post_tag","embeddable":true,"href":"https:\/\/girovisual.cl\/wp2\/wp-json\/wp\/v2\/tags?post=4212"}],"curies":[{"name":"wp","href":"https:\/\/api.w.org\/{rel}","templated":true}]}}