{"id":4205,"date":"2026-09-02T09:21:04","date_gmt":"2026-09-02T13:21:04","guid":{"rendered":"https:\/\/girovisual.cl\/wp2\/?p=4205"},"modified":"2026-09-02T09:21:18","modified_gmt":"2026-09-02T13:21:18","slug":"obras-de-12-cuidadoras-de-valparaiso-llegan-a-frutillar-como-parte-de-la-muestra-autorretratos","status":"publish","type":"post","link":"https:\/\/girovisual.cl\/wp2\/obras-de-12-cuidadoras-de-valparaiso-llegan-a-frutillar-como-parte-de-la-muestra-autorretratos\/","title":{"rendered":"Obras de 12 cuidadoras de Valpara\u00edso llegan a Frutillar como parte de la muestra \u201cAutorretratos\u201d"},"content":{"rendered":"\n<p class=\"wp-block-paragraph\"><em>La exposici\u00f3n re\u00fane 102 piezas textiles creadas durante seis meses por mujeres cuidadoras de ocho institutos Telet\u00f3n, entre ellas 12 participantes de la Regi\u00f3n de Valpara\u00edso. La muestra, que pone en valor sus experiencias y procesos personales a trav\u00e9s del arte, estar\u00e1 abierta gratuitamente en el Teatro del Lago hasta el 20 de septiembre.<\/em><\/p>\n\n\n\n<p class=\"wp-block-paragraph\">Hay quienes pasan buena parte de sus d\u00edas acompa\u00f1ando a otros: pendientes de una cita, de una terapia, de una necesidad o de un nuevo desaf\u00edo. En medio de esas rutinas, detenerse a pensar en s\u00ed mismo puede relegarse a un segundo plano. La muestra de arte <strong>\u201cAutorretratos\u201d<\/strong> nace, precisamente, de ese gesto de detenerse y volver la mirada hacia uno.<\/p>\n\n\n\n<p class=\"wp-block-paragraph\">La exhibici\u00f3n re\u00fane <strong>102 obras textiles<\/strong> realizadas por <strong>82 mujeres cuidadoras de ni\u00f1as, ni\u00f1os y j\u00f3venes que se atienden en ocho de los 15 institutos Telet\u00f3n del pa\u00eds.<\/strong> Madres, abuelas, hermanas, familiares y cuidadoras participaron durante seis meses en un taller textil nacional que conect\u00f3 semanalmente a mujeres de la zona norte, centro y sur a trav\u00e9s de videollamadas.<\/p>\n\n\n\n<p class=\"wp-block-paragraph\">Lo que comenz\u00f3 como un espacio para aprender y disfrutar del arte textil fue adquiriendo una dimensi\u00f3n distinta. Durante el taller, las participantes compartieron experiencias, encontr\u00e1ndose con otras mujeres que, pese a vivir en lugares diferentes, conoc\u00edan de cerca las exigencias y desaf\u00edos asociados al cuidado.<\/p>\n\n\n\n<p class=\"wp-block-paragraph\">Esta din\u00e1mica se convirti\u00f3 tambi\u00e9n en una oportunidad para representarse a s\u00ed mismas y contar algo de su historia, m\u00e1s all\u00e1 del lugar que ocupan como cuidadoras. Al reunirse, las 102 piezas forman un relato colectivo sobre las distintas dimensiones que conviven en torno al cuidado: los v\u00ednculos, las experiencias compartidas, la identidad y tambi\u00e9n la necesidad de contar con espacios propios.<\/p>\n\n\n\n<p class=\"wp-block-paragraph\">La experiencia tambi\u00e9n abri\u00f3 una conversaci\u00f3n sobre el autocuidado. Para quienes sostienen cotidianamente a otras personas, disponer de un momento para crear, conversar y compartir puede parecer algo secundario. Sin embargo, el taller mostr\u00f3 el valor de contar con espacios donde el bienestar propio tambi\u00e9n tenga un lugar.<\/p>\n\n\n\n<p class=\"wp-block-paragraph\">La directora general de Fundaci\u00f3n Telet\u00f3n, Mar\u00eda Jos\u00e9 Zald\u00edvar, destac\u00f3 el valor de esta experiencia y la posibilidad de visibilizar a las cuidadoras m\u00e1s all\u00e1 de ese rol.<\/p>\n\n\n\n<p class=\"wp-block-paragraph\">\u201c<em>Esta exposici\u00f3n tiene un gran valor porque son autorretratos que se han hecho a lo largo de todo Chile. Aqu\u00ed est\u00e1n presentadas mam\u00e1s cuidadoras de todas las regiones donde existen institutos Telet\u00f3n y eso le da enorme riqueza porque nosotros lo que estamos buscando es justamente que a lo largo de todo el pa\u00eds podamos relevar la importancia del autocuidado y la contenci\u00f3n entre las mam\u00e1s cuidadoras\u201d<\/em>, expres\u00f3 Mar\u00eda Jos\u00e9 Zald\u00edvar.<\/p>\n\n\n\n<p class=\"wp-block-paragraph\">Ahora, este proceso creativo llega a Frutillar para quedarse <strong>hasta el 20 de septiembre<\/strong>. Las 102 obras de \u201cAutorretratos\u201d podr\u00e1n visitarse en el <strong>Teatro del Lago<\/strong>, en Frutillar, donde las historias de sus autoras dejan, por un momento, el \u00e1mbito privado del cuidado para ocupar un espacio p\u00fablico.<\/p>\n\n\n\n<p class=\"wp-block-paragraph\">La exposici\u00f3n estar\u00e1 abierta al p\u00fablico de lunes a domingo, de 10:00 a 13:45 horas y de 14:30 a 18:30 horas, con entrada liberada.<\/p>\n\n    <div class=\"xs_social_share_widget xs_share_url after_content \t\tmain_content  wslu-style-1 wslu-share-box-shaped wslu-fill-colored wslu-none wslu-share-horizontal wslu-theme-font-no wslu-main_content\">\n\n\t\t\n        <ul>\n\t\t\t        <\/ul>\n    <\/div> \n","protected":false},"excerpt":{"rendered":"<p>La exposici\u00f3n re\u00fane 102 piezas textiles creadas durante seis meses por mujeres cuidadoras de ocho institutos Telet\u00f3n, entre ellas 12 participantes de la Regi\u00f3n de Valpara\u00edso. La muestra, que pone en valor sus experiencias y procesos personales a trav\u00e9s del arte, estar\u00e1 abierta gratuitamente en el Teatro del Lago hasta el 20 de septiembre. Hay [&hellip;]<\/p>\n","protected":false},"author":1,"featured_media":4208,"comment_status":"closed","ping_status":"open","sticky":false,"template":"","format":"standard","meta":{"postBodyCss":"","postBodyMargin":[],"postBodyPadding":[],"postBodyBackground":{"backgroundType":"classic","gradient":""},"footnotes":"","jetpack_publicize_message":"","jetpack_publicize_feature_enabled":true,"jetpack_social_post_already_shared":true,"jetpack_social_options":{"image_generator_settings":{"template":"highway","default_image_id":0,"font":"","enabled":false},"version":2}},"categories":[304,518,5],"tags":[1780,1779,1778],"class_list":["post-4205","post","type-post","status-publish","format-standard","has-post-thumbnail","hentry","category-cultura","category-destacada","category-regional","tag-autoretratos","tag-frutillar","tag-teleton"],"jetpack_publicize_connections":[],"_links":{"self":[{"href":"https:\/\/girovisual.cl\/wp2\/wp-json\/wp\/v2\/posts\/4205","targetHints":{"allow":["GET"]}}],"collection":[{"href":"https:\/\/girovisual.cl\/wp2\/wp-json\/wp\/v2\/posts"}],"about":[{"href":"https:\/\/girovisual.cl\/wp2\/wp-json\/wp\/v2\/types\/post"}],"author":[{"embeddable":true,"href":"https:\/\/girovisual.cl\/wp2\/wp-json\/wp\/v2\/users\/1"}],"replies":[{"embeddable":true,"href":"https:\/\/girovisual.cl\/wp2\/wp-json\/wp\/v2\/comments?post=4205"}],"version-history":[{"count":1,"href":"https:\/\/girovisual.cl\/wp2\/wp-json\/wp\/v2\/posts\/4205\/revisions"}],"predecessor-version":[{"id":4209,"href":"https:\/\/girovisual.cl\/wp2\/wp-json\/wp\/v2\/posts\/4205\/revisions\/4209"}],"wp:featuredmedia":[{"embeddable":true,"href":"https:\/\/girovisual.cl\/wp2\/wp-json\/wp\/v2\/media\/4208"}],"wp:attachment":[{"href":"https:\/\/girovisual.cl\/wp2\/wp-json\/wp\/v2\/media?parent=4205"}],"wp:term":[{"taxonomy":"category","embeddable":true,"href":"https:\/\/girovisual.cl\/wp2\/wp-json\/wp\/v2\/categories?post=4205"},{"taxonomy":"post_tag","embeddable":true,"href":"https:\/\/girovisual.cl\/wp2\/wp-json\/wp\/v2\/tags?post=4205"}],"curies":[{"name":"wp","href":"https:\/\/api.w.org\/{rel}","templated":true}]}}