{"id":4200,"date":"2026-09-02T08:02:46","date_gmt":"2026-09-02T12:02:46","guid":{"rendered":"https:\/\/girovisual.cl\/wp2\/?p=4200"},"modified":"2026-09-02T08:03:00","modified_gmt":"2026-09-02T12:03:00","slug":"mercado-cardonal-se-suma-al-plan-escudo-de-barrio","status":"publish","type":"post","link":"https:\/\/girovisual.cl\/wp2\/mercado-cardonal-se-suma-al-plan-escudo-de-barrio\/","title":{"rendered":"Mercado Cardonal se suma al Plan Escudo de Barrio."},"content":{"rendered":"\n<p class=\"wp-block-paragraph\">El hist\u00f3rico Mercado Cardonal de Valpara\u00edso ser\u00e1 parte de los 53 barrios priorizados, con mayor focalizaci\u00f3n policial, recursos y una intervenci\u00f3n integral del Estado.<\/p>\n\n\n\n<p class=\"wp-block-paragraph\">El anuncio fue realizado por el ministro de Seguridad P\u00fablica, Mart\u00edn Arrau, junto a la alcaldesa Camila Nieto, el delegado presidencial Manuel Millones, la seremi de Gobierno Rosario P\u00e9rez y el seremi de Seguridad Hern\u00e1n Silva.<\/p>\n\n\n\n<p class=\"wp-block-paragraph\">Avanzamos en la recuperaci\u00f3n de nuestros barrios de manera coordinada, con presencia en terreno y un trabajo sostenido.<\/p>\n\n\n\n<p class=\"wp-block-paragraph\"><\/p>\n\n    <div class=\"xs_social_share_widget xs_share_url after_content \t\tmain_content  wslu-style-1 wslu-share-box-shaped wslu-fill-colored wslu-none wslu-share-horizontal wslu-theme-font-no wslu-main_content\">\n\n\t\t\n        <ul>\n\t\t\t        <\/ul>\n    <\/div> \n","protected":false},"excerpt":{"rendered":"<p>El hist\u00f3rico Mercado Cardonal de Valpara\u00edso ser\u00e1 parte de los 53 barrios priorizados, con mayor focalizaci\u00f3n policial, recursos y una intervenci\u00f3n integral del Estado. El anuncio fue realizado por el ministro de Seguridad P\u00fablica, Mart\u00edn Arrau, junto a la alcaldesa Camila Nieto, el delegado presidencial Manuel Millones, la seremi de Gobierno Rosario P\u00e9rez y el [&hellip;]<\/p>\n","protected":false},"author":4,"featured_media":4203,"comment_status":"closed","ping_status":"open","sticky":false,"template":"","format":"standard","meta":{"postBodyCss":"","postBodyMargin":[],"postBodyPadding":[],"postBodyBackground":{"backgroundType":"classic","gradient":""},"footnotes":"","jetpack_publicize_message":"","jetpack_publicize_feature_enabled":true,"jetpack_social_post_already_shared":true,"jetpack_social_options":{"image_generator_settings":{"template":"highway","default_image_id":0,"font":"","enabled":false},"version":2}},"categories":[518,24,1,259],"tags":[1777,773],"class_list":["post-4200","post","type-post","status-publish","format-standard","has-post-thumbnail","hentry","category-destacada","category-girovisual-tv","category-otras-noticias","category-policial","tag-martin-arrau-2","tag-seguridad-ciudadana"],"jetpack_publicize_connections":[],"_links":{"self":[{"href":"https:\/\/girovisual.cl\/wp2\/wp-json\/wp\/v2\/posts\/4200","targetHints":{"allow":["GET"]}}],"collection":[{"href":"https:\/\/girovisual.cl\/wp2\/wp-json\/wp\/v2\/posts"}],"about":[{"href":"https:\/\/girovisual.cl\/wp2\/wp-json\/wp\/v2\/types\/post"}],"author":[{"embeddable":true,"href":"https:\/\/girovisual.cl\/wp2\/wp-json\/wp\/v2\/users\/4"}],"replies":[{"embeddable":true,"href":"https:\/\/girovisual.cl\/wp2\/wp-json\/wp\/v2\/comments?post=4200"}],"version-history":[{"count":1,"href":"https:\/\/girovisual.cl\/wp2\/wp-json\/wp\/v2\/posts\/4200\/revisions"}],"predecessor-version":[{"id":4204,"href":"https:\/\/girovisual.cl\/wp2\/wp-json\/wp\/v2\/posts\/4200\/revisions\/4204"}],"wp:featuredmedia":[{"embeddable":true,"href":"https:\/\/girovisual.cl\/wp2\/wp-json\/wp\/v2\/media\/4203"}],"wp:attachment":[{"href":"https:\/\/girovisual.cl\/wp2\/wp-json\/wp\/v2\/media?parent=4200"}],"wp:term":[{"taxonomy":"category","embeddable":true,"href":"https:\/\/girovisual.cl\/wp2\/wp-json\/wp\/v2\/categories?post=4200"},{"taxonomy":"post_tag","embeddable":true,"href":"https:\/\/girovisual.cl\/wp2\/wp-json\/wp\/v2\/tags?post=4200"}],"curies":[{"name":"wp","href":"https:\/\/api.w.org\/{rel}","templated":true}]}}