{"id":4192,"date":"2026-09-02T07:42:16","date_gmt":"2026-09-02T11:42:16","guid":{"rendered":"https:\/\/girovisual.cl\/wp2\/?p=4192"},"modified":"2026-09-02T09:23:30","modified_gmt":"2026-09-02T13:23:30","slug":"15-anos-sin-felipe-camiroaga-el-accidente-de-juan-fernandez-que-marco-chile","status":"publish","type":"post","link":"https:\/\/girovisual.cl\/wp2\/15-anos-sin-felipe-camiroaga-el-accidente-de-juan-fernandez-que-marco-chile\/","title":{"rendered":"15 a\u00f1os sin Felipe Camiroaga. El accidente de Juan Fern\u00e1ndez que marc\u00f3 Chile"},"content":{"rendered":"\n<p class=\"wp-block-paragraph\">15 a\u00f1os sin Felipe Camiroaga: El accidente de Juan Fern\u00e1ndez que marc\u00f3 a Chile<\/p>\n\n\n\n<p class=\"wp-block-paragraph\">Chile se detiene hoy para recordar. Este mi\u00e9rcoles 2 de septiembre de 2026 se cumplen <strong>15 a\u00f1os de la tragedia a\u00e9rea de Juan Fern\u00e1ndez<\/strong>, el accidente del avi\u00f3n CASA C-212 de la FACh que en 2011 cobr\u00f3 la vida de 21 personas y dej\u00f3 una herida imborrable en el coraz\u00f3n del pa\u00eds.<\/p>\n\n\n\n<p class=\"wp-block-paragraph\">Aquel fat\u00eddico vuelo no era uno m\u00e1s: trasladaba la esperanza de la reconstrucci\u00f3n tras el terremoto de 2010. Hoy, a una d\u00e9cada y media del impacto, el recuerdo de sus pasajeros sigue m\u00e1s vivo que nunca.<\/p>\n\n\n\n<p class=\"wp-block-paragraph\">El recuerdo de las 21 v\u00edctimas<\/p>\n\n\n\n<p class=\"wp-block-paragraph\">La tragedia uni\u00f3 en el dolor a cuatro delegaciones que viajaban a la isla:<\/p>\n\n\n\n<ul class=\"wp-block-list\">\n<li><strong>El equipo de TVN:<\/strong> Liderado por el entra\u00f1able animador Felipe Camiroaga y el periodista Roberto Bruce, junto a Sylvia Slier, Carolina Gatica y Rodrigo Cabez\u00f3n.<\/li>\n\n\n\n<li><strong>Desaf\u00edo Levantemos Chile:<\/strong> Encabezado por el l\u00edder y empresario Felipe Cubillos, junto a Sebasti\u00e1n Correa, Catalina Vela, Joel Lizama, Jorge Palma y Joaqu\u00edn Arnolds.<\/li>\n\n\n\n<li><strong>La tripulaci\u00f3n de la FACh:<\/strong> Comandada por la piloto Carolina Fern\u00e1ndez y Juan Pablo Mallea, adem\u00e1s de Eduardo Jones, Eduardo Estrada, Flavio Oliva, Erwin N\u00fa\u00f1ez y Rodrigo Fern\u00e1ndez.<\/li>\n\n\n\n<li><strong>Consejo de la Cultura:<\/strong> Las profesionales Galia D\u00edaz, Romina Irarr\u00e1zabal y el asesor Jos\u00e9 Cifuentes.<\/li>\n<\/ul>\n\n\n\n<p class=\"wp-block-paragraph\">El mar devuelve la historia<\/p>\n\n\n\n<p class=\"wp-block-paragraph\">Este aniversario llega precedido por un impactante vuelco cient\u00edfico y humano. En junio de 2026, un navegante franc\u00e9s descubri\u00f3 de forma fortuita en la remota Isla Ducie una pieza clave: el <strong>tren de aterrizaje izquierdo del avi\u00f3n<\/strong>. Las corrientes del Pac\u00edfico arrastraron este resto por m\u00e1s de 4.000 kil\u00f3metros a lo largo de estos 15 a\u00f1os, recordando al mundo la magnitud del impacto.<\/p>\n\n\n\n<p class=\"wp-block-paragraph\">\u00abHay heridas que no sanan\u00bb<\/p>\n\n\n\n<p class=\"wp-block-paragraph\">El paso del tiempo no borra el vac\u00edo. Jorge Camiroaga (89), padre del \u00abHalc\u00f3n de Chicureo\u00bb, conmovi\u00f3 al pa\u00eds en una reciente entrevista al confesar que el dolor sigue intacto.<\/p>\n\n\n\n<p class=\"wp-block-paragraph\">Hoy, los canales de televisi\u00f3n rinden tributo a sus compa\u00f1eros ca\u00eddos, mientras que en la comuna de <strong>Villa Alegre<\/strong> (Regi\u00f3n del Maule) los vecinos se congregan al mediod\u00eda frente a las cenizas del animador para recordarlo, una vez m\u00e1s, como su Hijo Ilustre m\u00e1s querido.<\/p>\n\n\n\n<hr class=\"wp-block-separator has-alpha-channel-opacity\"\/>\n\n\n\n<p class=\"wp-block-paragraph\"><\/p>\n\n    <div class=\"xs_social_share_widget xs_share_url after_content \t\tmain_content  wslu-style-1 wslu-share-box-shaped wslu-fill-colored wslu-none wslu-share-horizontal wslu-theme-font-no wslu-main_content\">\n\n\t\t\n        <ul>\n\t\t\t        <\/ul>\n    <\/div> \n","protected":false},"excerpt":{"rendered":"<p>15 a\u00f1os sin Felipe Camiroaga: El accidente de Juan Fern\u00e1ndez que marc\u00f3 a Chile Chile se detiene hoy para recordar. Este mi\u00e9rcoles 2 de septiembre de 2026 se cumplen 15 a\u00f1os de la tragedia a\u00e9rea de Juan Fern\u00e1ndez, el accidente del avi\u00f3n CASA C-212 de la FACh que en 2011 cobr\u00f3 la vida de 21 [&hellip;]<\/p>\n","protected":false},"author":4,"featured_media":4195,"comment_status":"closed","ping_status":"open","sticky":false,"template":"","format":"standard","meta":{"postBodyCss":"","postBodyMargin":[],"postBodyPadding":[],"postBodyBackground":{"backgroundType":"classic","gradient":""},"footnotes":"","jetpack_publicize_message":"","jetpack_publicize_feature_enabled":true,"jetpack_social_post_already_shared":true,"jetpack_social_options":{"image_generator_settings":{"template":"highway","default_image_id":0,"font":"","enabled":false},"version":2}},"categories":[15,24,7,1,517],"tags":[1515,1775,1526],"class_list":["post-4192","post","type-post","status-publish","format-standard","has-post-thumbnail","hentry","category-espectaculos","category-girovisual-tv","category-nacional","category-otras-noticias","category-portada","tag-accidente","tag-casa-c-212","tag-juan-fernandez"],"jetpack_publicize_connections":[],"_links":{"self":[{"href":"https:\/\/girovisual.cl\/wp2\/wp-json\/wp\/v2\/posts\/4192","targetHints":{"allow":["GET"]}}],"collection":[{"href":"https:\/\/girovisual.cl\/wp2\/wp-json\/wp\/v2\/posts"}],"about":[{"href":"https:\/\/girovisual.cl\/wp2\/wp-json\/wp\/v2\/types\/post"}],"author":[{"embeddable":true,"href":"https:\/\/girovisual.cl\/wp2\/wp-json\/wp\/v2\/users\/4"}],"replies":[{"embeddable":true,"href":"https:\/\/girovisual.cl\/wp2\/wp-json\/wp\/v2\/comments?post=4192"}],"version-history":[{"count":3,"href":"https:\/\/girovisual.cl\/wp2\/wp-json\/wp\/v2\/posts\/4192\/revisions"}],"predecessor-version":[{"id":4198,"href":"https:\/\/girovisual.cl\/wp2\/wp-json\/wp\/v2\/posts\/4192\/revisions\/4198"}],"wp:featuredmedia":[{"embeddable":true,"href":"https:\/\/girovisual.cl\/wp2\/wp-json\/wp\/v2\/media\/4195"}],"wp:attachment":[{"href":"https:\/\/girovisual.cl\/wp2\/wp-json\/wp\/v2\/media?parent=4192"}],"wp:term":[{"taxonomy":"category","embeddable":true,"href":"https:\/\/girovisual.cl\/wp2\/wp-json\/wp\/v2\/categories?post=4192"},{"taxonomy":"post_tag","embeddable":true,"href":"https:\/\/girovisual.cl\/wp2\/wp-json\/wp\/v2\/tags?post=4192"}],"curies":[{"name":"wp","href":"https:\/\/api.w.org\/{rel}","templated":true}]}}