{"id":4184,"date":"2026-09-02T02:48:11","date_gmt":"2026-09-02T06:48:11","guid":{"rendered":"https:\/\/girovisual.cl\/wp2\/?p=4184"},"modified":"2026-09-02T09:23:44","modified_gmt":"2026-09-02T13:23:44","slug":"gran-incendio-consumio-galpones-de-ropa-europea-en-dependencias-de-la-zofri-en-iquique","status":"publish","type":"post","link":"https:\/\/girovisual.cl\/wp2\/gran-incendio-consumio-galpones-de-ropa-europea-en-dependencias-de-la-zofri-en-iquique\/","title":{"rendered":"Gran incendio consumi\u00f3 galpones de ropa europea en dependencias de la Zofri en Iquique"},"content":{"rendered":"\n<p class=\"wp-block-paragraph\">Un incendio declarado afect\u00f3 a dependencias de la Zona Franca de Iquique (Zofri). El siniestro moviliz\u00f3 a voluntarios del Cuerpo de Bomberos de Iquique. De acuerdo con los antecedentes, la emergencia se registr\u00f3 en el sector de\u00a0calle Mapocho, dentro del barrio industrial., seg\u00fan consigna Radio Bio.<\/p>\n\n\n\n<p class=\"wp-block-paragraph\">Distintas compa\u00f1\u00edas de bomberos concurrieron hacia dos galpones afectados, con al menos 50 voluntarios. Asimismo, el Cuerpo de Bomberos emiti\u00f3 una Segunda Alarma de incendio por el siniestro en Mapocho con Santa Cruz.<\/p>\n\n\n\n<p class=\"wp-block-paragraph\">En el lugar, las unidades de emergencia reportaron a&nbsp;<strong>La Radio<\/strong>&nbsp;que se trat\u00f3 de fuego en&nbsp;<strong>dos galpones que almacenaban fardos de ropa europea<\/strong>.<\/p>\n\n\n\n<p class=\"wp-block-paragraph\">Por medio de un&nbsp;<a href=\"https:\/\/www.zofri.cl\/es\/press?NewsId=75\" rel=\"noopener\" target=\"_blank\">comunicado<\/a>, Zofri S.A. \u200bconfirm\u00f3 que \u201cdurante la noche de este martes 1 de septiembre se registra un incendio en el sector de calles Mapocho y Santa Cruz, en el Barrio Industrial ZOFRI. De acuerdo con la informaci\u00f3n preliminar disponible,&nbsp;<strong>la emergencia afecta a dos galpones<\/strong>\u201c.<\/p>\n\n\n\n<p class=\"wp-block-paragraph\">\u201cHasta el momento,&nbsp;<strong>no se reportan personas lesionadas<\/strong>. Bomberos y los equipos de emergencia trabajan en el lugar\u201d, a\u00f1adi\u00f3 el escrito.<\/p>\n\n\n\n<p class=\"wp-block-paragraph\">Del mismo modo, la compa\u00f1\u00eda precis\u00f3 que \u201cmantiene activados sus protocolos de emergencia, con sus equipos desplegados en terreno, y ha dispuesto los recursos log\u00edsticos y operacionales necesarios para apoyar el trabajo de Bomberos\u201d<\/p>\n\n    <div class=\"xs_social_share_widget xs_share_url after_content \t\tmain_content  wslu-style-1 wslu-share-box-shaped wslu-fill-colored wslu-none wslu-share-horizontal wslu-theme-font-no wslu-main_content\">\n\n\t\t\n        <ul>\n\t\t\t        <\/ul>\n    <\/div> \n","protected":false},"excerpt":{"rendered":"<p>Un incendio declarado afect\u00f3 a dependencias de la Zona Franca de Iquique (Zofri). El siniestro moviliz\u00f3 a voluntarios del Cuerpo de Bomberos de Iquique. De acuerdo con los antecedentes, la emergencia se registr\u00f3 en el sector de\u00a0calle Mapocho, dentro del barrio industrial., seg\u00fan consigna Radio Bio. Distintas compa\u00f1\u00edas de bomberos concurrieron hacia dos galpones afectados, [&hellip;]<\/p>\n","protected":false},"author":4,"featured_media":4187,"comment_status":"closed","ping_status":"open","sticky":false,"template":"","format":"standard","meta":{"postBodyCss":"","postBodyMargin":[],"postBodyPadding":[],"postBodyBackground":{"backgroundType":"classic","gradient":""},"footnotes":"","jetpack_publicize_message":"","jetpack_publicize_feature_enabled":true,"jetpack_social_post_already_shared":true,"jetpack_social_options":{"image_generator_settings":{"template":"highway","default_image_id":0,"font":"","enabled":false},"version":2}},"categories":[24,7,517],"tags":[105,1772,1773,1770],"class_list":["post-4184","post","type-post","status-publish","format-standard","has-post-thumbnail","hentry","category-girovisual-tv","category-nacional","category-portada","tag-incendio","tag-iquique","tag-ropa-europea","tag-zofri"],"jetpack_publicize_connections":[],"_links":{"self":[{"href":"https:\/\/girovisual.cl\/wp2\/wp-json\/wp\/v2\/posts\/4184","targetHints":{"allow":["GET"]}}],"collection":[{"href":"https:\/\/girovisual.cl\/wp2\/wp-json\/wp\/v2\/posts"}],"about":[{"href":"https:\/\/girovisual.cl\/wp2\/wp-json\/wp\/v2\/types\/post"}],"author":[{"embeddable":true,"href":"https:\/\/girovisual.cl\/wp2\/wp-json\/wp\/v2\/users\/4"}],"replies":[{"embeddable":true,"href":"https:\/\/girovisual.cl\/wp2\/wp-json\/wp\/v2\/comments?post=4184"}],"version-history":[{"count":1,"href":"https:\/\/girovisual.cl\/wp2\/wp-json\/wp\/v2\/posts\/4184\/revisions"}],"predecessor-version":[{"id":4188,"href":"https:\/\/girovisual.cl\/wp2\/wp-json\/wp\/v2\/posts\/4184\/revisions\/4188"}],"wp:featuredmedia":[{"embeddable":true,"href":"https:\/\/girovisual.cl\/wp2\/wp-json\/wp\/v2\/media\/4187"}],"wp:attachment":[{"href":"https:\/\/girovisual.cl\/wp2\/wp-json\/wp\/v2\/media?parent=4184"}],"wp:term":[{"taxonomy":"category","embeddable":true,"href":"https:\/\/girovisual.cl\/wp2\/wp-json\/wp\/v2\/categories?post=4184"},{"taxonomy":"post_tag","embeddable":true,"href":"https:\/\/girovisual.cl\/wp2\/wp-json\/wp\/v2\/tags?post=4184"}],"curies":[{"name":"wp","href":"https:\/\/api.w.org\/{rel}","templated":true}]}}