{"id":4173,"date":"2026-09-01T22:17:18","date_gmt":"2026-09-02T02:17:18","guid":{"rendered":"https:\/\/girovisual.cl\/wp2\/?p=4173"},"modified":"2026-09-01T22:17:29","modified_gmt":"2026-09-02T02:17:29","slug":"mas-de-35-mil-personas-estan-llamadas-a-elegir-el-primer-consejo-local-de-educacion-publica-del-slep-costa-central","status":"publish","type":"post","link":"https:\/\/girovisual.cl\/wp2\/mas-de-35-mil-personas-estan-llamadas-a-elegir-el-primer-consejo-local-de-educacion-publica-del-slep-costa-central\/","title":{"rendered":"M\u00e1s de 35 mil personas est\u00e1n llamadas a elegir el primer Consejo Local de Educaci\u00f3n P\u00fablica del SLEP Costa Central."},"content":{"rendered":"\n<ul class=\"wp-block-list\">\n<li>Los d\u00edas 2 y 3 de septiembre, estudiantes, apoderados, docentes, asistentes de la educaci\u00f3n, equipos directivos, educadoras de p\u00e1rvulos, asistentes de la educaci\u00f3n parvularia, directoras de jardines infantiles y profesores encargados de escuelas rurales participar\u00e1n en la elecci\u00f3n de quienes integrar\u00e1n el primer Consejo Local de Educaci\u00f3n P\u00fablica del SLEP Costa Central, una instancia destinada a representar la voz de las comunidades educativas y contribuir al fortalecimiento de la educaci\u00f3n p\u00fablica del territorio.<\/li>\n<\/ul>\n\n\n\n<p class=\"wp-block-paragraph\">Con un llamado a participar activamente y fortalecer la representaci\u00f3n de las comunidades educativas, el Servicio Local de Educaci\u00f3n P\u00fablica (SLEP) Costa Central se prepara para vivir los d\u00edas 2 y 3 de septiembre un hito hist\u00f3rico para el territorio: la elecci\u00f3n de las y los representantes del primer Consejo Local de Educaci\u00f3n P\u00fablica (CLEP).<\/p>\n\n\n\n<p class=\"wp-block-paragraph\">Se trata de un proceso in\u00e9dito para las comunidades educativas de Conc\u00f3n, Puchuncav\u00ed, Quintero y Vi\u00f1a del Mar, que permitir\u00e1 incorporar las voces y experiencias de estudiantes, familias y trabajadores de la educaci\u00f3n en una instancia formal de participaci\u00f3n y representaci\u00f3n de los estamentos dentro de la direcci\u00f3n de la Nueva Educaci\u00f3n P\u00fablica en el territorio.<\/p>\n\n\n\n<p class=\"wp-block-paragraph\">El Consejo Local de Educaci\u00f3n P\u00fablica (CLEP) es una instancia de representaci\u00f3n que permitir\u00e1 incorporar las voces de las comunidades educativas en el fortalecimiento de la educaci\u00f3n p\u00fablica del territorio. A trav\u00e9s de este espacio, estudiantes, familias y trabajadores de la educaci\u00f3n podr\u00e1n aportar sus experiencias y propuestas, reforzando uno de los sellos de la Nueva Educaci\u00f3n P\u00fablica: la participaci\u00f3n activa de las comunidades en la construcci\u00f3n de una educaci\u00f3n m\u00e1s pertinente, inclusiva y conectada con sus realidades.<\/p>\n\n\n\n<p class=\"wp-block-paragraph\">El director ejecutivo del SLEP Costa Central, Nelson Z\u00e1rate Hervera, indic\u00f3 que \u201cla participaci\u00f3n de las comunidades educativas es fundamental para fortalecer la educaci\u00f3n p\u00fablica. Este proceso permitir\u00e1 que distintas voces y experiencias del territorio contribuyan a la construcci\u00f3n de una educaci\u00f3n m\u00e1s representativa, pertinente y conectada con las necesidades de estudiantes, familias y equipos educativos\u201d.&nbsp;<\/p>\n\n\n\n<p class=\"wp-block-paragraph\">Durante los \u00faltimos meses, las comunidades educativas participaron en encuentros territoriales, presentaci\u00f3n de candidaturas, di\u00e1logos con estudiantes, reuniones con directivos y una serie de foros por estamento, donde las y los postulantes compartieron sus propuestas y visiones para el futuro de la educaci\u00f3n p\u00fablica del territorio.<\/p>\n\n\n\n<p class=\"wp-block-paragraph\">Para garantizar la transparencia, rigurosidad y apego a la normativa durante todo el proceso, el SLEP Costa Central cont\u00f3 con la asesor\u00eda directa del Servicio Electoral (Servel), fortaleciendo las condiciones para una elecci\u00f3n participativa, informada y representativa.<\/p>\n\n\n\n<p class=\"wp-block-paragraph\">En el proceso eleccionario del CLEP, las directoras y directores de establecimientos educacionales cumplen la funci\u00f3n de Ministros de Fe, desempe\u00f1ando un rol clave para garantizar la transparencia y el correcto desarrollo de las votaciones. Desde las cuatro comunas del territorio, destacaron la importancia de esta instancia como un ejercicio democr\u00e1tico y de participaci\u00f3n para las comunidades educativas. En Conc\u00f3n, la directora de la Escuela Puente Colmo, Paola P\u00e9rez Ferrand, llam\u00f3 a participar y valorar el voto como una herramienta de formaci\u00f3n ciudadana; desde Puchuncav\u00ed, la directora de la Escuela El Rungue, Karla Morales Villar, invit\u00f3 a todos los estamentos a hacerse parte del proceso porque \u201cnuestra voz importa\u201d; en Quintero, el director del Colegio Valle Arau, C\u00e9sar Flores Arancibia, destac\u00f3 que el CLEP permite democratizar espacios de representaci\u00f3n para las comunidades educativas; mientras que en Vi\u00f1a del Mar, la directora de la Escuela Almirante Luis G\u00f3mez Carre\u00f1o, Magdalena Quintana Flores, relev\u00f3 el valor c\u00edvico y formativo de estas elecciones, enfatizando la responsabilidad de promover la participaci\u00f3n desde las propias comunidades educativas.<\/p>\n\n\n\n<p class=\"wp-block-paragraph\">Desde el SLEP Costa Central se invita a todas las personas habilitadas para participar a informarse, conocer las candidaturas disponibles y ejercer su derecho a voto.<\/p>\n\n\n\n<p class=\"wp-block-paragraph\"><strong>CLAVES DEL PROCESO ELECTORAL CLEP 2026<\/strong><\/p>\n\n\n\n<p class=\"wp-block-paragraph\"><strong>M\u00e1s de 35 mil personas convocadas a participar:&nbsp;<\/strong>M\u00e1s de 35 mil integrantes de las comunidades educativas de Conc\u00f3n, Puchuncav\u00ed, Quintero y Vi\u00f1a del Mar est\u00e1n habilitados para participar en la elecci\u00f3n del primer Consejo Local de Educaci\u00f3n P\u00fablica del SLEP Costa Central.<\/p>\n\n\n\n<p class=\"wp-block-paragraph\"><strong>Elecciones los d\u00edas 2 y 3 de septiembre:&nbsp;<\/strong>El proceso eleccionario se desarrollar\u00e1 durante los d\u00edas 2 y 3 de septiembre de 2026 en establecimientos educacionales y jardines infantiles habilitados como locales de votaci\u00f3n.<\/p>\n\n\n\n<p class=\"wp-block-paragraph\"><strong>Participaci\u00f3n de todos los estamentos:&nbsp;<\/strong>Podr\u00e1n participar en el proceso estudiantes desde 5\u00b0 a\u00f1o b\u00e1sico, padres, madres y apoderados, docentes, asistentes de la educaci\u00f3n, equipos directivos y t\u00e9cnico-pedag\u00f3gicos, adem\u00e1s de representantes de la educaci\u00f3n parvularia, incluyendo educadoras de p\u00e1rvulos, asistentes de la educaci\u00f3n parvularia y directoras de jardines infantiles, seg\u00fan los padrones electorales definidos para cada estamento.<\/p>\n\n\n\n<p class=\"wp-block-paragraph\"><strong>Despliegue en todo el territorio:&nbsp;<\/strong>Las elecciones se realizar\u00e1n en los 97 establecimientos educacionales y jardines infantiles que forman parte del SLEP Costa Central.<\/p>\n\n\n\n<p class=\"wp-block-paragraph\"><strong>55 candidaturas en competencia:&nbsp;<\/strong>Un total de 55 candidatas y candidatos participan en este proceso, representando a los distintos estamentos que conformar\u00e1n el CLEP<\/p>\n\n\n\n<p class=\"wp-block-paragraph\"><strong>Un consejo integrado por 21 representantes:&nbsp;<\/strong>El CLEP estar\u00e1 conformado por representantes de estudiantes, padres, madres y apoderados, docentes, asistentes de la educaci\u00f3n, equipos directivos y t\u00e9cnico-pedag\u00f3gicos, educaci\u00f3n parvularia, escuelas rurales y educaci\u00f3n superior.<\/p>\n\n\n\n<p class=\"wp-block-paragraph\"><strong>Un proceso in\u00e9dito para la educaci\u00f3n p\u00fablica del territorio:&nbsp;<\/strong>Por primera vez, las comunidades educativas del SLEP Costa Central elegir\u00e1n a quienes las representar\u00e1n en una instancia formal de participaci\u00f3n, aportando a la construcci\u00f3n y fortalecimiento de la educaci\u00f3n p\u00fablica desde las realidades y necesidades de cada comunidad.<\/p>\n\n\n\n<p class=\"wp-block-paragraph\"><strong>Transparencia y participaci\u00f3n:&nbsp;<\/strong>El proceso ha contemplado jornadas informativas, foros de candidaturas, difusi\u00f3n territorial y la asesor\u00eda del Servicio Electoral (Servel), con el objetivo de promover una participaci\u00f3n informada, transparente y representativa.<\/p>\n\n\n\n<p class=\"wp-block-paragraph\"><strong>D\u00f3nde conocer a las candidaturas:&nbsp;<\/strong>Las fichas y videos de presentaci\u00f3n de las y los candidatos est\u00e1n disponibles en el sitio web y redes sociales del SLEP Costa Central.<\/p>\n\n\n\n<p class=\"wp-block-paragraph\"><strong>Por qu\u00e9 es importante participar:&nbsp;<\/strong>El Consejo Local de Educaci\u00f3n P\u00fablica permitir\u00e1 que las voces de estudiantes, familias y trabajadores de la educaci\u00f3n sean consideradas en el desarrollo de la educaci\u00f3n p\u00fablica del territorio, fortaleciendo la representaci\u00f3n y participaci\u00f3n de las comunidades educativas.<\/p>\n\n\n\n<p class=\"wp-block-paragraph\"><\/p>\n\n    <div class=\"xs_social_share_widget xs_share_url after_content \t\tmain_content  wslu-style-1 wslu-share-box-shaped wslu-fill-colored wslu-none wslu-share-horizontal wslu-theme-font-no wslu-main_content\">\n\n\t\t\n        <ul>\n\t\t\t        <\/ul>\n    <\/div> \n","protected":false},"excerpt":{"rendered":"<p>Con un llamado a participar activamente y fortalecer la representaci\u00f3n de las comunidades educativas, el Servicio Local de Educaci\u00f3n P\u00fablica (SLEP) Costa Central se prepara para vivir los d\u00edas 2 y 3 de septiembre un hito hist\u00f3rico para el territorio: la elecci\u00f3n de las y los representantes del primer Consejo Local de Educaci\u00f3n P\u00fablica (CLEP). [&hellip;]<\/p>\n","protected":false},"author":4,"featured_media":4176,"comment_status":"closed","ping_status":"open","sticky":false,"template":"","format":"standard","meta":{"postBodyCss":"","postBodyMargin":[],"postBodyPadding":[],"postBodyBackground":{"backgroundType":"classic","gradient":""},"footnotes":"","jetpack_publicize_message":"","jetpack_publicize_feature_enabled":true,"jetpack_social_post_already_shared":true,"jetpack_social_options":{"image_generator_settings":{"template":"highway","default_image_id":0,"font":"","enabled":false},"version":2}},"categories":[518,774,24,5],"tags":[472,128],"class_list":["post-4173","post","type-post","status-publish","format-standard","has-post-thumbnail","hentry","category-destacada","category-educacion","category-girovisual-tv","category-regional","tag-educacion","tag-region-de-valparaiso"],"jetpack_publicize_connections":[],"_links":{"self":[{"href":"https:\/\/girovisual.cl\/wp2\/wp-json\/wp\/v2\/posts\/4173","targetHints":{"allow":["GET"]}}],"collection":[{"href":"https:\/\/girovisual.cl\/wp2\/wp-json\/wp\/v2\/posts"}],"about":[{"href":"https:\/\/girovisual.cl\/wp2\/wp-json\/wp\/v2\/types\/post"}],"author":[{"embeddable":true,"href":"https:\/\/girovisual.cl\/wp2\/wp-json\/wp\/v2\/users\/4"}],"replies":[{"embeddable":true,"href":"https:\/\/girovisual.cl\/wp2\/wp-json\/wp\/v2\/comments?post=4173"}],"version-history":[{"count":1,"href":"https:\/\/girovisual.cl\/wp2\/wp-json\/wp\/v2\/posts\/4173\/revisions"}],"predecessor-version":[{"id":4177,"href":"https:\/\/girovisual.cl\/wp2\/wp-json\/wp\/v2\/posts\/4173\/revisions\/4177"}],"wp:featuredmedia":[{"embeddable":true,"href":"https:\/\/girovisual.cl\/wp2\/wp-json\/wp\/v2\/media\/4176"}],"wp:attachment":[{"href":"https:\/\/girovisual.cl\/wp2\/wp-json\/wp\/v2\/media?parent=4173"}],"wp:term":[{"taxonomy":"category","embeddable":true,"href":"https:\/\/girovisual.cl\/wp2\/wp-json\/wp\/v2\/categories?post=4173"},{"taxonomy":"post_tag","embeddable":true,"href":"https:\/\/girovisual.cl\/wp2\/wp-json\/wp\/v2\/tags?post=4173"}],"curies":[{"name":"wp","href":"https:\/\/api.w.org\/{rel}","templated":true}]}}