{"id":4164,"date":"2026-09-01T21:56:03","date_gmt":"2026-09-02T01:56:03","guid":{"rendered":"https:\/\/girovisual.cl\/wp2\/?p=4164"},"modified":"2026-09-01T21:56:12","modified_gmt":"2026-09-02T01:56:12","slug":"presidente-kast-inicia-su-primera-visita-oficial-a-magallanes-encabezando-gabinete-regional","status":"publish","type":"post","link":"https:\/\/girovisual.cl\/wp2\/presidente-kast-inicia-su-primera-visita-oficial-a-magallanes-encabezando-gabinete-regional\/","title":{"rendered":"Presidente Kast inicia su primera visita oficial a Magallanes encabezando gabinete regional."},"content":{"rendered":"\n<p class=\"wp-block-paragraph\">En el marco de su agenda territorial, el Presidente de la Rep\u00fablica, Jos\u00e9 Antonio Kast, arrib\u00f3 por primera vez en su condici\u00f3n de Mandatario a la Regi\u00f3n de Magallanes. El Jefe de Estado aterrizo en la Base A\u00e9rea Chabunco de la Fuerza A\u00e9rea de Chile, donde fue recibido por la delegada presidencial Ericka Far\u00edas, representantes del Gobierno Regional, as\u00ed como por autoridades de las Fuerzas Armadas y de Orden, seg\u00fan consigna El pinguino.cl<\/p>\n\n\n\n<p class=\"wp-block-paragraph\">Tras su llegada, el Mandatario dio inicio a sus actividades encabezando un gabinete regional y una mesa de di\u00e1logo pol\u00edtico junto al gabinete de secretarios regionales ministeriales, delegados presidenciales y el ministro de la cartera. A la cita se sumaron tambi\u00e9n alcaldes de la zona, entre ellos Anah\u00ed C\u00e1rdenas (Torres del Paine), Ana Mayorga (Natales) y Luis Barr\u00eda (Timaukel).<\/p>\n\n\n\n<p class=\"wp-block-paragraph\">A las afueras de la jornada, un grupo de adherentes se congreg\u00f3 para saludar al Presidente y registrar su paso por la capital regional. Respecto al contacto con la prensa, se inform\u00f3 que las declaraciones e inquietudes de los medios locales ser\u00e1n abordadas durante un punto de prensa programado para la jornada de este mi\u00e9rcoles, donde el Mandatario continuar\u00e1 con las actividades fijadas en su itinerario<\/p>\n\n    <div class=\"xs_social_share_widget xs_share_url after_content \t\tmain_content  wslu-style-1 wslu-share-box-shaped wslu-fill-colored wslu-none wslu-share-horizontal wslu-theme-font-no wslu-main_content\">\n\n\t\t\n        <ul>\n\t\t\t        <\/ul>\n    <\/div> \n","protected":false},"excerpt":{"rendered":"<p>En el marco de su agenda territorial, el Presidente de la Rep\u00fablica, Jos\u00e9 Antonio Kast, arrib\u00f3 por primera vez en su condici\u00f3n de Mandatario a la Regi\u00f3n de Magallanes. El Jefe de Estado aterrizo en la Base A\u00e9rea Chabunco de la Fuerza A\u00e9rea de Chile, donde fue recibido por la delegada presidencial Ericka Far\u00edas, representantes [&hellip;]<\/p>\n","protected":false},"author":4,"featured_media":4167,"comment_status":"closed","ping_status":"open","sticky":false,"template":"","format":"standard","meta":{"postBodyCss":"","postBodyMargin":[],"postBodyPadding":[],"postBodyBackground":{"backgroundType":"classic","gradient":""},"footnotes":"","jetpack_publicize_message":"","jetpack_publicize_feature_enabled":true,"jetpack_social_post_already_shared":true,"jetpack_social_options":{"image_generator_settings":{"template":"highway","default_image_id":0,"font":"","enabled":false},"version":2}},"categories":[518,24,10],"tags":[],"class_list":["post-4164","post","type-post","status-publish","format-standard","has-post-thumbnail","hentry","category-destacada","category-girovisual-tv","category-politica"],"jetpack_publicize_connections":[],"_links":{"self":[{"href":"https:\/\/girovisual.cl\/wp2\/wp-json\/wp\/v2\/posts\/4164","targetHints":{"allow":["GET"]}}],"collection":[{"href":"https:\/\/girovisual.cl\/wp2\/wp-json\/wp\/v2\/posts"}],"about":[{"href":"https:\/\/girovisual.cl\/wp2\/wp-json\/wp\/v2\/types\/post"}],"author":[{"embeddable":true,"href":"https:\/\/girovisual.cl\/wp2\/wp-json\/wp\/v2\/users\/4"}],"replies":[{"embeddable":true,"href":"https:\/\/girovisual.cl\/wp2\/wp-json\/wp\/v2\/comments?post=4164"}],"version-history":[{"count":1,"href":"https:\/\/girovisual.cl\/wp2\/wp-json\/wp\/v2\/posts\/4164\/revisions"}],"predecessor-version":[{"id":4168,"href":"https:\/\/girovisual.cl\/wp2\/wp-json\/wp\/v2\/posts\/4164\/revisions\/4168"}],"wp:featuredmedia":[{"embeddable":true,"href":"https:\/\/girovisual.cl\/wp2\/wp-json\/wp\/v2\/media\/4167"}],"wp:attachment":[{"href":"https:\/\/girovisual.cl\/wp2\/wp-json\/wp\/v2\/media?parent=4164"}],"wp:term":[{"taxonomy":"category","embeddable":true,"href":"https:\/\/girovisual.cl\/wp2\/wp-json\/wp\/v2\/categories?post=4164"},{"taxonomy":"post_tag","embeddable":true,"href":"https:\/\/girovisual.cl\/wp2\/wp-json\/wp\/v2\/tags?post=4164"}],"curies":[{"name":"wp","href":"https:\/\/api.w.org\/{rel}","templated":true}]}}