{"id":4141,"date":"2026-09-01T18:36:55","date_gmt":"2026-09-01T22:36:55","guid":{"rendered":"https:\/\/girovisual.cl\/wp2\/?p=4141"},"modified":"2026-09-01T18:37:02","modified_gmt":"2026-09-01T22:37:02","slug":"efe-valparaiso-dispondra-de-servicio-especial-para-la-media-maraton-tps-este-domingo","status":"publish","type":"post","link":"https:\/\/girovisual.cl\/wp2\/efe-valparaiso-dispondra-de-servicio-especial-para-la-media-maraton-tps-este-domingo\/","title":{"rendered":"EFE Valpara\u00edso dispondr\u00e1 de servicio especial para la Media Marat\u00f3n TPS este domingo."},"content":{"rendered":"\n<p class=\"wp-block-paragraph\">Un tren saldr\u00e1 a las 06.30 am desde Limache, permitiendo que los atletas lleguen a Puerto antes de la carrera.<\/p>\n\n\n\n<p class=\"wp-block-paragraph\">En sus marcas, listos y \u00a1a correr! Est\u00e1 todo preparado para que este domingo miles de personas<br>participen en la Media Marat\u00f3n TPS 2026, la que recorre las calles y el interior del puerto de<br>Valpara\u00edso.<br>Debido a que muchas calles estar\u00e1n cortadas durante la jornada, tanto por el evento deportivo<br>como por los da\u00f1os que se han generado luego de los \u00faltimos eventos climatol\u00f3gicos, el traslado<br>al punto de inicio puede resultar bastante complicado. Por ello, EFE Valpara\u00edso ha decidido<br>colaborar con los corredores, generando un servicio especial para la carrera, ayudando a que<br>todos lleguen al punto de partida sin contratiempos.<br>En especifico se trata de un tren que partir\u00e1 a eso de las 06:30 am desde Limache, pasando por las<br>21 estaciones del servicio, para llegar a la estaci\u00f3n Puerto a eso de las 07:30, tiempo perfecto para<br>prepararse para la corrida.<br>Maria Alicia Sanchez, gerenta de pasajeros de EFE Valpara\u00edso, explic\u00f3 que: \u201cEste fin de semana<br>estar\u00e1 lleno de deporte en Valpara\u00edso con la media marat\u00f3n TPS. Por ello, EFE dispondr\u00e1 de un tren<br>especial que partir\u00e1 a las 06:30 am desde Limache y recorrer\u00e1 todas las estaciones del servicio para<br>trasladar a los corredores que deben llegar al Puerto antes de la carrera\u201d.<br>Adem\u00e1s, la ejecutiva de la empresa de transportes agreg\u00f3 que: \u201ceste s\u00e1bado es el retiro de los kits<br>para los atletas en plaza Sotomayor, por lo que los invitamos a tomar el tren, y disfrutar de un fin<br>de semana deportivo y amigable con el medio ambiente en nuestro servicio Limache Puerto\u201d.<br>Un panorama ideal para los miles de corredores, quienes podr\u00e1n llegar en tren a metros del punto<br>de partida, ahorrar en combustible, estacionamientos y aprovechar de contribuir al cuidado del<br>medioambiente, movi\u00e9ndose en un tren 100% el\u00e9ctrico.<\/p>\n\n    <div class=\"xs_social_share_widget xs_share_url after_content \t\tmain_content  wslu-style-1 wslu-share-box-shaped wslu-fill-colored wslu-none wslu-share-horizontal wslu-theme-font-no wslu-main_content\">\n\n\t\t\n        <ul>\n\t\t\t        <\/ul>\n    <\/div> \n","protected":false},"excerpt":{"rendered":"<p>Un tren saldr\u00e1 a las 06.30 am desde Limache, permitiendo que los atletas lleguen a Puerto antes de la carrera. En sus marcas, listos y \u00a1a correr! Est\u00e1 todo preparado para que este domingo miles de personasparticipen en la Media Marat\u00f3n TPS 2026, la que recorre las calles y el interior del puerto deValpara\u00edso.Debido a [&hellip;]<\/p>\n","protected":false},"author":4,"featured_media":4144,"comment_status":"closed","ping_status":"open","sticky":false,"template":"","format":"standard","meta":{"postBodyCss":"","postBodyMargin":[],"postBodyPadding":[],"postBodyBackground":{"backgroundType":"classic","gradient":""},"footnotes":"","jetpack_publicize_message":"","jetpack_publicize_feature_enabled":true,"jetpack_social_post_already_shared":true,"jetpack_social_options":{"image_generator_settings":{"template":"highway","default_image_id":0,"font":"","enabled":false},"version":2}},"categories":[24,5,1683],"tags":[657,1650,1761],"class_list":["post-4141","post","type-post","status-publish","format-standard","has-post-thumbnail","hentry","category-girovisual-tv","category-regional","category-transporte","tag-efe-valparaiso","tag-media-maraton","tag-tps"],"jetpack_publicize_connections":[],"_links":{"self":[{"href":"https:\/\/girovisual.cl\/wp2\/wp-json\/wp\/v2\/posts\/4141","targetHints":{"allow":["GET"]}}],"collection":[{"href":"https:\/\/girovisual.cl\/wp2\/wp-json\/wp\/v2\/posts"}],"about":[{"href":"https:\/\/girovisual.cl\/wp2\/wp-json\/wp\/v2\/types\/post"}],"author":[{"embeddable":true,"href":"https:\/\/girovisual.cl\/wp2\/wp-json\/wp\/v2\/users\/4"}],"replies":[{"embeddable":true,"href":"https:\/\/girovisual.cl\/wp2\/wp-json\/wp\/v2\/comments?post=4141"}],"version-history":[{"count":1,"href":"https:\/\/girovisual.cl\/wp2\/wp-json\/wp\/v2\/posts\/4141\/revisions"}],"predecessor-version":[{"id":4145,"href":"https:\/\/girovisual.cl\/wp2\/wp-json\/wp\/v2\/posts\/4141\/revisions\/4145"}],"wp:featuredmedia":[{"embeddable":true,"href":"https:\/\/girovisual.cl\/wp2\/wp-json\/wp\/v2\/media\/4144"}],"wp:attachment":[{"href":"https:\/\/girovisual.cl\/wp2\/wp-json\/wp\/v2\/media?parent=4141"}],"wp:term":[{"taxonomy":"category","embeddable":true,"href":"https:\/\/girovisual.cl\/wp2\/wp-json\/wp\/v2\/categories?post=4141"},{"taxonomy":"post_tag","embeddable":true,"href":"https:\/\/girovisual.cl\/wp2\/wp-json\/wp\/v2\/tags?post=4141"}],"curies":[{"name":"wp","href":"https:\/\/api.w.org\/{rel}","templated":true}]}}