{"id":4124,"date":"2026-09-01T17:23:58","date_gmt":"2026-09-01T21:23:58","guid":{"rendered":"https:\/\/girovisual.cl\/wp2\/?p=4124"},"modified":"2026-09-01T18:29:09","modified_gmt":"2026-09-01T22:29:09","slug":"ministro-martin-arrau-asegura-que-continua-la-busqueda-de-profugos-y-confirma-refuerzo-de-proteccion-para-alcalde-de-san-bernardo","status":"publish","type":"post","link":"https:\/\/girovisual.cl\/wp2\/ministro-martin-arrau-asegura-que-continua-la-busqueda-de-profugos-y-confirma-refuerzo-de-proteccion-para-alcalde-de-san-bernardo\/","title":{"rendered":"Ministro Mart\u00edn Arrau asegura que contin\u00faa la b\u00fasqueda de pr\u00f3fugos y confirma refuerzo de protecci\u00f3n para alcalde de San Bernardo"},"content":{"rendered":"\n<p class=\"wp-block-paragraph\">Durante su visita a Valpara\u00edso, el ministro tambi\u00e9n se refiri\u00f3 a la situaci\u00f3n que enfrenta el alcalde de San Bernardo, luego de una nueva amenaza.<\/p>\n\n\n\n<p class=\"wp-block-paragraph\">Arrau relat\u00f3 que durante la noche tom\u00f3 contacto con el jefe comunal tras conocer los nuevos antecedentes y confirm\u00f3 que se reforzaron las medidas de protecci\u00f3n destinadas a resguardar su seguridad.<\/p>\n\n\n\n<p class=\"wp-block-paragraph\">\u201cYo ayer en la noche habl\u00e9 con \u00e9l cuando me enter\u00e9 de esta nueva amenaza, se han reforzado las medidas de protecci\u00f3n\u201d, se\u00f1al\u00f3.<\/p>\n\n\n\n<p class=\"wp-block-paragraph\">El ministro explic\u00f3 que no puede entregar detalles sobre las medidas adoptadas, debido a que el Ministerio P\u00fablico instruy\u00f3 que estas tengan car\u00e1cter reservado.<\/p>\n\n\n\n<p class=\"wp-block-paragraph\">\u201cEntiendo que ya \u00e9l est\u00e1 m\u00e1s estable, ha salido del centro de tratamiento\u201d, agreg\u00f3 Arrau, quien manifest\u00f3 que espera volver a comunicarse con el alcalde para conocer su estado y verificar c\u00f3mo se est\u00e1n implementando las medidas de seguridad.<\/p>\n\n\n\n<p class=\"wp-block-paragraph\">La autoridad enfatiz\u00f3 adem\u00e1s que las medidas de protecci\u00f3n son instruidas por el Ministerio P\u00fablico y que ha sido dicha instituci\u00f3n la que ha realizado ajustes a estas disposiciones.<\/p>\n\n\n\n<p class=\"wp-block-paragraph\">\u201cUno como Ministerio de Seguridad tambi\u00e9n se preocupa de que se cumplan y ver c\u00f3mo apoyar esas propias medidas\u201d, sostuvo.<\/p>\n\n\n\n<p class=\"wp-block-paragraph\"><\/p>\n\n\n\n<p class=\"wp-block-paragraph\"><\/p>\n\n\n\n<p class=\"wp-block-paragraph\">S<\/p>\n\n\n\n<p class=\"wp-block-paragraph\"><\/p>\n\n\n\n<p class=\"wp-block-paragraph\"><\/p>\n\n\n\n<p class=\"wp-block-paragraph\">.<\/p>\n\n\n\n<p class=\"wp-block-paragraph\"><\/p>\n\n\n\n<p class=\"wp-block-paragraph\">L<\/p>\n\n\n\n<p class=\"wp-block-paragraph\"><\/p>\n\n\n\n<p class=\"wp-block-paragraph\"><\/p>\n\n\n\n<p class=\"wp-block-paragraph\"><\/p>\n\n    <div class=\"xs_social_share_widget xs_share_url after_content \t\tmain_content  wslu-style-1 wslu-share-box-shaped wslu-fill-colored wslu-none wslu-share-horizontal wslu-theme-font-no wslu-main_content\">\n\n\t\t\n        <ul>\n\t\t\t        <\/ul>\n    <\/div> \n","protected":false},"excerpt":{"rendered":"<p>Durante su visita a Valpara\u00edso, el ministro tambi\u00e9n se refiri\u00f3 a la situaci\u00f3n que enfrenta el alcalde de San Bernardo, luego de una nueva amenaza. Arrau relat\u00f3 que durante la noche tom\u00f3 contacto con el jefe comunal tras conocer los nuevos antecedentes y confirm\u00f3 que se reforzaron las medidas de protecci\u00f3n destinadas a resguardar su [&hellip;]<\/p>\n","protected":false},"author":2,"featured_media":4128,"comment_status":"closed","ping_status":"open","sticky":false,"template":"","format":"standard","meta":{"postBodyCss":"","postBodyMargin":[],"postBodyPadding":[],"postBodyBackground":{"backgroundType":"classic","gradient":""},"footnotes":"","jetpack_publicize_message":"","jetpack_publicize_feature_enabled":true,"jetpack_social_post_already_shared":true,"jetpack_social_options":{"image_generator_settings":{"template":"highway","default_image_id":0,"font":"","enabled":false},"version":2}},"categories":[518,7,259],"tags":[1759,1756,1757,1754],"class_list":["post-4124","post","type-post","status-publish","format-standard","has-post-thumbnail","hentry","category-destacada","category-nacional","category-policial","tag-arraumartin","tag-christofer-white","tag-ministro-de-seguridad","tag-san-bernalcalde-de"],"jetpack_publicize_connections":[],"_links":{"self":[{"href":"https:\/\/girovisual.cl\/wp2\/wp-json\/wp\/v2\/posts\/4124","targetHints":{"allow":["GET"]}}],"collection":[{"href":"https:\/\/girovisual.cl\/wp2\/wp-json\/wp\/v2\/posts"}],"about":[{"href":"https:\/\/girovisual.cl\/wp2\/wp-json\/wp\/v2\/types\/post"}],"author":[{"embeddable":true,"href":"https:\/\/girovisual.cl\/wp2\/wp-json\/wp\/v2\/users\/2"}],"replies":[{"embeddable":true,"href":"https:\/\/girovisual.cl\/wp2\/wp-json\/wp\/v2\/comments?post=4124"}],"version-history":[{"count":1,"href":"https:\/\/girovisual.cl\/wp2\/wp-json\/wp\/v2\/posts\/4124\/revisions"}],"predecessor-version":[{"id":4129,"href":"https:\/\/girovisual.cl\/wp2\/wp-json\/wp\/v2\/posts\/4124\/revisions\/4129"}],"wp:featuredmedia":[{"embeddable":true,"href":"https:\/\/girovisual.cl\/wp2\/wp-json\/wp\/v2\/media\/4128"}],"wp:attachment":[{"href":"https:\/\/girovisual.cl\/wp2\/wp-json\/wp\/v2\/media?parent=4124"}],"wp:term":[{"taxonomy":"category","embeddable":true,"href":"https:\/\/girovisual.cl\/wp2\/wp-json\/wp\/v2\/categories?post=4124"},{"taxonomy":"post_tag","embeddable":true,"href":"https:\/\/girovisual.cl\/wp2\/wp-json\/wp\/v2\/tags?post=4124"}],"curies":[{"name":"wp","href":"https:\/\/api.w.org\/{rel}","templated":true}]}}