{"id":4117,"date":"2026-09-01T16:27:49","date_gmt":"2026-09-01T20:27:49","guid":{"rendered":"https:\/\/girovisual.cl\/wp2\/?p=4117"},"modified":"2026-09-01T16:30:54","modified_gmt":"2026-09-01T20:30:54","slug":"aumentaran-sanciones-por-ofensas-en-contra-de-la-autoridad-policial","status":"publish","type":"post","link":"https:\/\/girovisual.cl\/wp2\/aumentaran-sanciones-por-ofensas-en-contra-de-la-autoridad-policial\/","title":{"rendered":"Aumentar\u00e1n sanciones por ofensas en contra de la autoridad policial. C\u00e1mara despacha a segundo tr\u00e1mite."},"content":{"rendered":"\n<p class=\"wp-block-paragraph\">La propuesta despachada por la C\u00e1mara a segundo tr\u00e1mite castiga el insultar u ofender gravemente a carabineros, funcionarios de la PDI o de Gendarmer\u00eda, en el ejercicio de sus funciones.<\/p>\n\n\n\n<p class=\"wp-block-paragraph\">La incorporaci\u00f3n de un tipo penal que sancione la ofensa descomedida de una autoridad policial es uno de los objetivos del proyecto (<a href=\"https:\/\/www.camara.cl\/legislacion\/ProyectosDeLey\/tramitacion.aspx?prmID=18306&amp;prmBOLETIN=17662-07\" target=\"_blank\" rel=\"noopener\">bolet\u00edn 17662<\/a>) aprobado por la Sala de la C\u00e1mara y enviado a segundo tr\u00e1mite.<\/p>\n\n\n\n<p class=\"wp-block-paragraph\">Asimismo, en tanto la ofensa descomedida solo se sanciona a t\u00edtulo de falta penal, se permite la detenci\u00f3n en caso de flagrancia de manera excepcional, al tiempo que se incorpora una hip\u00f3tesis agravada de atentado contra la autoridad.<\/p>\n\n\n\n<p class=\"wp-block-paragraph\">Tambi\u00e9n se aumenta la pena privativa de libertad cuando el atentado recaiga, espec\u00edficamente, contra la autoridad policial.<\/p>\n\n\n\n<p class=\"wp-block-paragraph\">El proyecto se origin\u00f3 en una moci\u00f3n de la diputada&nbsp;<a href=\"https:\/\/www.camara.cl\/diputados\/detalle\/mociones.aspx?prmID=1059\" target=\"_blank\" rel=\"noopener\">Ximena Ossand\u00f3n<\/a>. Tambi\u00e9n la firman&nbsp;<a href=\"https:\/\/www.camara.cl\/diputados\/detalle\/mociones.aspx?prmID=1128\" target=\"_blank\" rel=\"noopener\">Eduardo Dur\u00e1n<\/a>,&nbsp;<a href=\"https:\/\/www.camara.cl\/diputados\/detalle\/mociones.aspx?prmID=1131\" target=\"_blank\" rel=\"noopener\">Mauro Gonz\u00e1lez<\/a>&nbsp;y&nbsp;<a href=\"https:\/\/www.camara.cl\/diputados\/detalle\/mociones.aspx?prmID=1075\" target=\"_blank\" rel=\"noopener\">Diego Schalper<\/a>&nbsp;junto a otros exlegisladores.<\/p>\n\n\n\n<p class=\"wp-block-paragraph\"><\/p>\n\n    <div class=\"xs_social_share_widget xs_share_url after_content \t\tmain_content  wslu-style-1 wslu-share-box-shaped wslu-fill-colored wslu-none wslu-share-horizontal wslu-theme-font-no wslu-main_content\">\n\n\t\t\n        <ul>\n\t\t\t        <\/ul>\n    <\/div> \n","protected":false},"excerpt":{"rendered":"<p>La propuesta despachada por la C\u00e1mara a segundo tr\u00e1mite castiga el insultar u ofender gravemente a carabineros, funcionarios de la PDI o de Gendarmer\u00eda, en el ejercicio de sus funciones. La incorporaci\u00f3n de un tipo penal que sancione la ofensa descomedida de una autoridad policial es uno de los objetivos del proyecto (bolet\u00edn 17662) aprobado [&hellip;]<\/p>\n","protected":false},"author":4,"featured_media":4120,"comment_status":"closed","ping_status":"open","sticky":false,"template":"","format":"standard","meta":{"postBodyCss":"","postBodyMargin":[],"postBodyPadding":[],"postBodyBackground":{"backgroundType":"classic","gradient":""},"footnotes":"","jetpack_publicize_message":"","jetpack_publicize_feature_enabled":true,"jetpack_social_post_already_shared":true,"jetpack_social_options":{"image_generator_settings":{"template":"highway","default_image_id":0,"font":"","enabled":false},"version":2}},"categories":[518,24,10],"tags":[1753,312,128],"class_list":["post-4117","post","type-post","status-publish","format-standard","has-post-thumbnail","hentry","category-destacada","category-girovisual-tv","category-politica","tag-congreso","tag-politica-2","tag-region-de-valparaiso"],"jetpack_publicize_connections":[],"_links":{"self":[{"href":"https:\/\/girovisual.cl\/wp2\/wp-json\/wp\/v2\/posts\/4117","targetHints":{"allow":["GET"]}}],"collection":[{"href":"https:\/\/girovisual.cl\/wp2\/wp-json\/wp\/v2\/posts"}],"about":[{"href":"https:\/\/girovisual.cl\/wp2\/wp-json\/wp\/v2\/types\/post"}],"author":[{"embeddable":true,"href":"https:\/\/girovisual.cl\/wp2\/wp-json\/wp\/v2\/users\/4"}],"replies":[{"embeddable":true,"href":"https:\/\/girovisual.cl\/wp2\/wp-json\/wp\/v2\/comments?post=4117"}],"version-history":[{"count":2,"href":"https:\/\/girovisual.cl\/wp2\/wp-json\/wp\/v2\/posts\/4117\/revisions"}],"predecessor-version":[{"id":4123,"href":"https:\/\/girovisual.cl\/wp2\/wp-json\/wp\/v2\/posts\/4117\/revisions\/4123"}],"wp:featuredmedia":[{"embeddable":true,"href":"https:\/\/girovisual.cl\/wp2\/wp-json\/wp\/v2\/media\/4120"}],"wp:attachment":[{"href":"https:\/\/girovisual.cl\/wp2\/wp-json\/wp\/v2\/media?parent=4117"}],"wp:term":[{"taxonomy":"category","embeddable":true,"href":"https:\/\/girovisual.cl\/wp2\/wp-json\/wp\/v2\/categories?post=4117"},{"taxonomy":"post_tag","embeddable":true,"href":"https:\/\/girovisual.cl\/wp2\/wp-json\/wp\/v2\/tags?post=4117"}],"curies":[{"name":"wp","href":"https:\/\/api.w.org\/{rel}","templated":true}]}}