{"id":4097,"date":"2026-09-01T15:16:31","date_gmt":"2026-09-01T19:16:31","guid":{"rendered":"https:\/\/girovisual.cl\/wp2\/?p=4097"},"modified":"2026-09-01T16:15:36","modified_gmt":"2026-09-01T20:15:36","slug":"ministerio-de-salud-firma-compromiso-de-compraventa-de-terrenos-donde-se-constituira-el-centro-de-diagnostico-y-tratamiento-del-hsopital-van-buren","status":"publish","type":"post","link":"https:\/\/girovisual.cl\/wp2\/ministerio-de-salud-firma-compromiso-de-compraventa-de-terrenos-donde-se-constituira-el-centro-de-diagnostico-y-tratamiento-del-hsopital-van-buren\/","title":{"rendered":"Ministerio de salud firma compromiso de compraventa de terrenos donde se constituir\u00e1 el Centro de diagn\u00f3stico y tratamiento del Hospital Van Buren."},"content":{"rendered":"\n<p class=\"wp-block-paragraph\">Tras largos a\u00f1os de espera, durante la jornada de este da martes, el Ministerio de Salud y el municipio de Valpara\u00cdso, realizaron la firma del compromiso de compraventa de los terrenos donde se emplazar\u00e1, en un futuro no muy lejano, un edificio que ser\u00e1 parte fundamental del hist\u00f3rico Hospital\u00a0 Carlos Van Buren de la ciudad puerto.<br><br>Este hito se convierte en un avance clave, para el futuro de este a\u00f1oso recinto hospitalario, que ver\u00e1 desde ahora desarrollarse el futuro Centro de Diagn\u00f3stico y Tratamiento\u00a0 lo que aportara al proceso de normalizaci\u00f3n del Hospital Carlos Van Buren.<br><br>La ministra de Salud , May Chomali, explic\u00f3 la importancia de esta ceremonia manifestando que se logra destrabar 2 cosas que estaban pendientes, como son la compra de terrenos para el centro de diagnostico y tratamiento y el env\u00edo del proyecto para su aprobaci\u00f3n por parte del Ministerio de Desarrollo Social.<br><br>La jefa de la cartera de salud adem\u00e1s, asegur\u00f3, que los dineros para llevar adelante el proyecto anunciado estar\u00edan asegurados.<br><br>Desde el municipio de Valparaiso, la alcaldesa Camila Nieto, se\u00f1al\u00f3 que el avance de la modernizaci\u00f3n del hospital Van Buren es urgente, por lo que valoran este primer paso, dado por las autoridades de salud pensando en lo largo que es un proceso que asegure un nuevo hospital.<br><br>Por su parte el doctor, Luis Ignacio de la Torre, presidente del colegio medico regional, se\u00f1al\u00f3 que este es el hito m\u00e1s importante en torno a la salud de la regi\u00f3n pensando en lo que significa, no solo para la regi\u00f3n el hospital Van Buren, si no tambi\u00e9n para otras regiones.<br><br>Ademas De la Torre, se\u00f1alo que este anuncio puede ser el puntapi\u00e9, que permita so\u00f1ar en unos a\u00f1os mas con un nuevo hospital porte\u00f1o.<br><br>El proyecto del nuevo CDT contempla la construcci\u00f3n de 2 edificios de 3 pisos cada uno que tendran atenci\u00f3n de consultas m\u00e9dicas, Imagenolog\u00eda, laboratorios,pabellones de cirug\u00eda menor y mayor entre otras prestaciones m\u00e9dicas que dar\u00e1n mayor dignidad a la atenci\u00f3n del recinto porte\u00f1o.<br><\/p>\n\n\n\n<figure class=\"wp-block-image size-large\"><img fetchpriority=\"high\" decoding=\"async\" width=\"1024\" height=\"576\" src=\"https:\/\/girovisual.cl\/wp2\/wp-content\/uploads\/2026\/09\/img-20260901-wa0172820851899298807854-1024x576.jpg\" alt=\"\" class=\"wp-image-4095\" srcset=\"https:\/\/girovisual.cl\/wp2\/wp-content\/uploads\/2026\/09\/img-20260901-wa0172820851899298807854-1024x576.jpg 1024w, https:\/\/girovisual.cl\/wp2\/wp-content\/uploads\/2026\/09\/img-20260901-wa0172820851899298807854-300x169.jpg 300w, https:\/\/girovisual.cl\/wp2\/wp-content\/uploads\/2026\/09\/img-20260901-wa0172820851899298807854-768x432.jpg 768w, https:\/\/girovisual.cl\/wp2\/wp-content\/uploads\/2026\/09\/img-20260901-wa0172820851899298807854-1536x864.jpg 1536w, https:\/\/girovisual.cl\/wp2\/wp-content\/uploads\/2026\/09\/img-20260901-wa0172820851899298807854.jpg 2000w\" sizes=\"(max-width: 1024px) 100vw, 1024px\" \/><\/figure>\n\n    <div class=\"xs_social_share_widget xs_share_url after_content \t\tmain_content  wslu-style-1 wslu-share-box-shaped wslu-fill-colored wslu-none wslu-share-horizontal wslu-theme-font-no wslu-main_content\">\n\n\t\t\n        <ul>\n\t\t\t        <\/ul>\n    <\/div> \n","protected":false},"excerpt":{"rendered":"<p>Tras largos a\u00f1os de espera, durante la jornada de este da martes, el Ministerio de Salud y el municipio de Valpara\u00cdso, realizaron la firma del compromiso de compraventa de los terrenos donde se emplazar\u00e1, en un futuro no muy lejano, un edificio que ser\u00e1 parte fundamental del hist\u00f3rico Hospital\u00a0 Carlos Van Buren de la ciudad [&hellip;]<\/p>\n","protected":false},"author":5,"featured_media":4096,"comment_status":"closed","ping_status":"open","sticky":false,"template":"","format":"standard","meta":{"postBodyCss":"","postBodyMargin":[],"postBodyPadding":[],"postBodyBackground":{"backgroundType":"classic","gradient":""},"footnotes":"","jetpack_publicize_message":"","jetpack_publicize_feature_enabled":true,"jetpack_social_post_already_shared":true,"jetpack_social_options":{"image_generator_settings":{"template":"highway","default_image_id":0,"font":"","enabled":false},"version":2}},"categories":[518,7,517,5,1009],"tags":[1749,1641,198,1750,103],"class_list":["post-4097","post","type-post","status-publish","format-standard","has-post-thumbnail","hentry","category-destacada","category-nacional","category-portada","category-regional","category-salud","tag-cdp","tag-hospital-van-buren","tag-ministerio-de-salud","tag-munivalpo","tag-valparaiso"],"jetpack_publicize_connections":[],"_links":{"self":[{"href":"https:\/\/girovisual.cl\/wp2\/wp-json\/wp\/v2\/posts\/4097","targetHints":{"allow":["GET"]}}],"collection":[{"href":"https:\/\/girovisual.cl\/wp2\/wp-json\/wp\/v2\/posts"}],"about":[{"href":"https:\/\/girovisual.cl\/wp2\/wp-json\/wp\/v2\/types\/post"}],"author":[{"embeddable":true,"href":"https:\/\/girovisual.cl\/wp2\/wp-json\/wp\/v2\/users\/5"}],"replies":[{"embeddable":true,"href":"https:\/\/girovisual.cl\/wp2\/wp-json\/wp\/v2\/comments?post=4097"}],"version-history":[{"count":2,"href":"https:\/\/girovisual.cl\/wp2\/wp-json\/wp\/v2\/posts\/4097\/revisions"}],"predecessor-version":[{"id":4108,"href":"https:\/\/girovisual.cl\/wp2\/wp-json\/wp\/v2\/posts\/4097\/revisions\/4108"}],"wp:featuredmedia":[{"embeddable":true,"href":"https:\/\/girovisual.cl\/wp2\/wp-json\/wp\/v2\/media\/4096"}],"wp:attachment":[{"href":"https:\/\/girovisual.cl\/wp2\/wp-json\/wp\/v2\/media?parent=4097"}],"wp:term":[{"taxonomy":"category","embeddable":true,"href":"https:\/\/girovisual.cl\/wp2\/wp-json\/wp\/v2\/categories?post=4097"},{"taxonomy":"post_tag","embeddable":true,"href":"https:\/\/girovisual.cl\/wp2\/wp-json\/wp\/v2\/tags?post=4097"}],"curies":[{"name":"wp","href":"https:\/\/api.w.org\/{rel}","templated":true}]}}