{"id":4093,"date":"2026-09-01T15:04:26","date_gmt":"2026-09-01T19:04:26","guid":{"rendered":"https:\/\/girovisual.cl\/wp2\/?p=4093"},"modified":"2026-09-01T15:06:14","modified_gmt":"2026-09-01T19:06:14","slug":"comenzo-el-plan-aura-programa-de-atencion-de-salud-mental-para-familiares-de-victimas-y-afectados-del-mega-incendio-del-2024","status":"publish","type":"post","link":"https:\/\/girovisual.cl\/wp2\/comenzo-el-plan-aura-programa-de-atencion-de-salud-mental-para-familiares-de-victimas-y-afectados-del-mega-incendio-del-2024\/","title":{"rendered":"Comenz\u00f3 el Plan AURA: Programa de atenci\u00f3n de salud mental para familiares de v\u00edctimas y afectados del mega incendio del 2024."},"content":{"rendered":"\n<p class=\"wp-block-paragraph\">El profundo dolor y los traumas provocados por la cat\u00e1strofe del mega incendio ocurrido durante el mes de febrero del a\u00f1o 2024 en Vi\u00f1a del Mar, Quilpu\u00e9 y Villa Alemana, por fin tendr\u00e1 un abordaje en materia de salud mental. Esto, gracias al Plan AURA, un programa de tratamiento multidisciplinario lanzado por la Delegaci\u00f3n Presidencial Regional de Valpara\u00edso, en coordinaci\u00f3n con quienes resultaron afectados por el mega incendio, ya sea por la p\u00e9rdida de alg\u00fan familiar o de su vivienda.<br><br>La iniciativa surgi\u00f3 por una necesidad de las mismas personas afectadas, quienes durante dos a\u00f1os golpearon puertas al Gobierno y las municipalidades que estaban durante ese periodo, solicitando una intervenci\u00f3n en materia de salud mental, la que no fue abordada oportunamente. <\/p>\n\n\n\n<p class=\"wp-block-paragraph\">Esta necesidad fue levantada durante este a\u00f1o 2026, por el Delegado Presidencial Regional de Valpara\u00edso, Manuel Millones, quien se comprometi\u00f3 con estas familias a generar un plan que permitiese aunar esfuerzos de diversas instituciones para un abordaje multidiscilplinario, programa que fue lanzado oficialmente hoy y que ya cuenta con sus primeras 30 atenciones psicol\u00f3gicas a damnificados y familiares de v\u00edctimas del mega incendio, de un total de 60 que partir\u00e1n como programa piloto.<\/p>\n\n\n\n<p class=\"wp-block-paragraph\">Asi lo explico el delegado Manuel Millones representante del gobierno en la region.<\/p>\n\n\n\n<p class=\"wp-block-paragraph\"> El programa fue lanzado oficialmente con la presencia del subsecretario de Redes Asistenciales, Julio Montt, quien destac\u00f3 esta iniciativa que es in\u00e9dita en el pa\u00eds.<\/p>\n\n\n\n<p class=\"wp-block-paragraph\">El rector de la Universidad Vi\u00f1a del Mar, explic\u00f3 que \u201cnosotros tenemos un centro de pr\u00e1cticas de materias sociales, psicol\u00f3gicos y de temas jur\u00eddicos, funcionando ya hace mucho tiempo. Es parte de nuestra vinculaci\u00f3n que nosotros hacemos con la comunidad. Eso es lo que nosotros estamos poniendo ahora a disposici\u00f3n, poniendo un especial \u00e9nfasis en este programa AURA para las v\u00edctimas del megaincendio. Aqu\u00ed participan equipos acad\u00e9micos y estudiantes practicantes de los \u00faltimos a\u00f1os, con atenciones, siempre con la supervisi\u00f3n de un acad\u00e9mico\u201d.<\/p><p><br>Una de las personas beneficiadas con este plan es Carlos Orellana, quien perdi\u00f3 a su pareja y una de sus hijas durante el mega incendio. \u201cEsto parti\u00f3 en abril, con una reuni\u00f3n que tuvimos con el delegado presidencial. Lo planteamos como idea y hoy vemos c\u00f3mo se ha concretado, con ayuda de muchas instituciones, empresas y servicios. Nosotros lo aplaudimos porque hay que considerar que para nosotros esto ha sido bastante fuerte, somos sobrevivientes de esta tragedia, ha sido un golpe muy duro, nos afect\u00f3 psicol\u00f3gicamente de lo que nosotros pudi\u00e9ramos considerar\u201d, se\u00f1al\u00f3 tras el inicio de esta intervenci\u00f3n multidisciplinaria.<br><br>Otra de las personas que recibir\u00e1 este beneficio es Rigoberto Saint-Jean, cuya madre result\u00f3 fallecida a causa del mega incendio. Tras el lanzamiento de este programa, manifest\u00f3 su agradecimiento, al decir que \u201c\u00e9ste es un regalo, pero no ha sido f\u00e1cil. Llevamos dos a\u00f1os y medio, desde los primeros meses que sucedi\u00f3 esto, pidiendo a gritos que llegue una ayuda a salud mental. Ha sido un camino largo, pero hemos visto familiares que ya han recibido este llamado para atenci\u00f3n y es un granito de arena para poder empezar. Ojal\u00e1 que esto sea el primer paso para que sea una ayuda constante y maciza. Y ojal\u00e1 que vayan sum\u00e1ndose m\u00e1s instituciones, porque, aparte del tema de salud mental, ayuda mucho el tema de la recreaci\u00f3n\u201d.<br><br>Mismas palabras de agradecimiento de Jaime Mella, vicepresidente de la ONG Sobrevivientes Mega Incendio 2024, quien manifest\u00f3 que \u201csi bien el programa se cre\u00f3 primeramente para las personas que perdieron familiares, despu\u00e9s nos sumamos nosotros como la organizaci\u00f3n que representa m\u00e1s damnificados de la regi\u00f3n sobre este mega incendio. Nuestros mil cien socios tambi\u00e9n son parte de este programa Aura y agradecemos la prestancia y el o\u00eddo del delegado presidencial, Manuel Millones, quien nos escuch\u00f3, sabiendo que esta falencia de ayuda psicol\u00f3gica era una de las cosas que faltaban\u201d.<br><br>El delegado Millones explic\u00f3 que el abordaje no solo cuenta con atenciones psicol\u00f3gicas, sino que tambi\u00e9n se coordinaron apoyos en materia de recreaci\u00f3n y esparcimiento con otros organismos: \u201cPor ejemplo, Everton est\u00e1 entregando invitaciones gratuitas para las personas que est\u00e1n registradas en este plan. Lo mismo Wanderers. Las Farmacias Knop est\u00e1 entregando un beneficio especial tambi\u00e9n para las personas que est\u00e1n inscritas en el plan. Estamos cubriendo otros convenios con instituciones culturales. Es decir, no solamente la salud mental se aborda necesariamente con un psic\u00f3logo, un psiquiatra, tambi\u00e9n con este tipo de programas\u201d.<\/p>\n\n    <div class=\"xs_social_share_widget xs_share_url after_content \t\tmain_content  wslu-style-1 wslu-share-box-shaped wslu-fill-colored wslu-none wslu-share-horizontal wslu-theme-font-no wslu-main_content\">\n\n\t\t\n        <ul>\n\t\t\t        <\/ul>\n    <\/div> \n","protected":false},"excerpt":{"rendered":"<p>El profundo dolor y los traumas provocados por la cat\u00e1strofe del mega incendio ocurrido durante el mes de febrero del a\u00f1o 2024 en Vi\u00f1a del Mar, Quilpu\u00e9 y Villa Alemana, por fin tendr\u00e1 un abordaje en materia de salud mental. Esto, gracias al Plan AURA, un programa de tratamiento multidisciplinario lanzado por la Delegaci\u00f3n Presidencial [&hellip;]<\/p>\n","protected":false},"author":5,"featured_media":4092,"comment_status":"closed","ping_status":"open","sticky":false,"template":"","format":"standard","meta":{"postBodyCss":"","postBodyMargin":[],"postBodyPadding":[],"postBodyBackground":{"backgroundType":"classic","gradient":""},"footnotes":"","jetpack_publicize_message":"","jetpack_publicize_feature_enabled":true,"jetpack_social_post_already_shared":true,"jetpack_social_options":{"image_generator_settings":{"template":"highway","default_image_id":0,"font":"","enabled":false},"version":2}},"categories":[518,1,5,1009,209],"tags":[1747,128,595,1748,346],"class_list":["post-4093","post","type-post","status-publish","format-standard","has-post-thumbnail","hentry","category-destacada","category-otras-noticias","category-regional","category-salud","category-salud-y-calidad-de-vida","tag-megaincendio","tag-region-de-valparaiso","tag-salud-mental","tag-uvm","tag-victimas"],"jetpack_publicize_connections":[],"_links":{"self":[{"href":"https:\/\/girovisual.cl\/wp2\/wp-json\/wp\/v2\/posts\/4093","targetHints":{"allow":["GET"]}}],"collection":[{"href":"https:\/\/girovisual.cl\/wp2\/wp-json\/wp\/v2\/posts"}],"about":[{"href":"https:\/\/girovisual.cl\/wp2\/wp-json\/wp\/v2\/types\/post"}],"author":[{"embeddable":true,"href":"https:\/\/girovisual.cl\/wp2\/wp-json\/wp\/v2\/users\/5"}],"replies":[{"embeddable":true,"href":"https:\/\/girovisual.cl\/wp2\/wp-json\/wp\/v2\/comments?post=4093"}],"version-history":[{"count":1,"href":"https:\/\/girovisual.cl\/wp2\/wp-json\/wp\/v2\/posts\/4093\/revisions"}],"predecessor-version":[{"id":4094,"href":"https:\/\/girovisual.cl\/wp2\/wp-json\/wp\/v2\/posts\/4093\/revisions\/4094"}],"wp:featuredmedia":[{"embeddable":true,"href":"https:\/\/girovisual.cl\/wp2\/wp-json\/wp\/v2\/media\/4092"}],"wp:attachment":[{"href":"https:\/\/girovisual.cl\/wp2\/wp-json\/wp\/v2\/media?parent=4093"}],"wp:term":[{"taxonomy":"category","embeddable":true,"href":"https:\/\/girovisual.cl\/wp2\/wp-json\/wp\/v2\/categories?post=4093"},{"taxonomy":"post_tag","embeddable":true,"href":"https:\/\/girovisual.cl\/wp2\/wp-json\/wp\/v2\/tags?post=4093"}],"curies":[{"name":"wp","href":"https:\/\/api.w.org\/{rel}","templated":true}]}}