{"id":4085,"date":"2026-09-01T14:23:13","date_gmt":"2026-09-01T18:23:13","guid":{"rendered":"https:\/\/girovisual.cl\/wp2\/?p=4085"},"modified":"2026-09-01T14:23:24","modified_gmt":"2026-09-01T18:23:24","slug":"esval-y-fundacion-camino-literario-inauguran-sala-de-lectura-para-ninos-de-san-esteban","status":"publish","type":"post","link":"https:\/\/girovisual.cl\/wp2\/esval-y-fundacion-camino-literario-inauguran-sala-de-lectura-para-ninos-de-san-esteban\/","title":{"rendered":"Esval y Fundaci\u00f3n Camino Literario inauguran sala de lectura para ni\u00f1os de San Esteban"},"content":{"rendered":"\n<p class=\"wp-block-paragraph\"><\/p>\n\n\n\n<p class=\"wp-block-paragraph\">Con el prop\u00f3sito generar nuevas oportunidades de aprendizaje a trav\u00e9s de un espacio abierto para la comunidad, Esval y la Fundaci\u00f3n Camino Literario inauguraron una sala de lectura en el Centro Cultural Artes y Oficios de San Esteban, para que los ni\u00f1os y ni\u00f1as puedan descubrir el mundo de los libros en un entorno c\u00e1lido, c\u00f3modo y motivador.<\/p>\n\n\n\n<p class=\"wp-block-paragraph\">La iniciativa forma parte de un convenio de colaboraci\u00f3n suscrito entre ambas organizaciones con financiamiento por parte de la sanitaria para la implementaci\u00f3n de esta sala, adem\u00e1s de actividades como cuentacuentos, talleres de sensibilizaci\u00f3n sobre la importancia de la lectura y jornadas destinadas a estudiantes de establecimientos educacionales de la comuna.<\/p>\n\n\n\n<p class=\"wp-block-paragraph\"><br>Este lugar funcionar\u00e1 todos los mi\u00e9rcoles, entre las 16:00 y las 18:30 horas, en el Centro Cultural de Artes y Oficios, de calle Teodoro Zenteno.<\/p>\n\n\n\n<p class=\"wp-block-paragraph\"><br>La Fundaci\u00f3n Camino Literario trabaja para cultivar el gusto por la lectura en la infancia a trav\u00e9s de actividades creativas y participativas, como cuentacuentos, teatro y propuestas literarias que fortalecen el v\u00ednculo de los ni\u00f1os con los libros. Asimismo, busca generar espacios de encuentro que contribuyan al desarrollo personal y cultural de las comunidades.<br><br><\/p>\n\n    <div class=\"xs_social_share_widget xs_share_url after_content \t\tmain_content  wslu-style-1 wslu-share-box-shaped wslu-fill-colored wslu-none wslu-share-horizontal wslu-theme-font-no wslu-main_content\">\n\n\t\t\n        <ul>\n\t\t\t        <\/ul>\n    <\/div> \n","protected":false},"excerpt":{"rendered":"<p>Con el prop\u00f3sito generar nuevas oportunidades de aprendizaje a trav\u00e9s de un espacio abierto para la comunidad, Esval y la Fundaci\u00f3n Camino Literario inauguraron una sala de lectura en el Centro Cultural Artes y Oficios de San Esteban, para que los ni\u00f1os y ni\u00f1as puedan descubrir el mundo de los libros en un entorno c\u00e1lido, [&hellip;]<\/p>\n","protected":false},"author":13,"featured_media":4090,"comment_status":"closed","ping_status":"open","sticky":false,"template":"","format":"standard","meta":{"postBodyCss":"","postBodyMargin":[],"postBodyPadding":[],"postBodyBackground":{"backgroundType":"classic","gradient":""},"footnotes":"","jetpack_publicize_message":"","jetpack_publicize_feature_enabled":true,"jetpack_social_post_already_shared":true,"jetpack_social_options":{"image_generator_settings":{"template":"highway","default_image_id":0,"font":"","enabled":false},"version":2}},"categories":[304,774,5],"tags":[311,472,994,895],"class_list":["post-4085","post","type-post","status-publish","format-standard","has-post-thumbnail","hentry","category-cultura","category-educacion","category-regional","tag-cultura","tag-educacion","tag-literatura","tag-san-esteban"],"jetpack_publicize_connections":[],"_links":{"self":[{"href":"https:\/\/girovisual.cl\/wp2\/wp-json\/wp\/v2\/posts\/4085","targetHints":{"allow":["GET"]}}],"collection":[{"href":"https:\/\/girovisual.cl\/wp2\/wp-json\/wp\/v2\/posts"}],"about":[{"href":"https:\/\/girovisual.cl\/wp2\/wp-json\/wp\/v2\/types\/post"}],"author":[{"embeddable":true,"href":"https:\/\/girovisual.cl\/wp2\/wp-json\/wp\/v2\/users\/13"}],"replies":[{"embeddable":true,"href":"https:\/\/girovisual.cl\/wp2\/wp-json\/wp\/v2\/comments?post=4085"}],"version-history":[{"count":1,"href":"https:\/\/girovisual.cl\/wp2\/wp-json\/wp\/v2\/posts\/4085\/revisions"}],"predecessor-version":[{"id":4091,"href":"https:\/\/girovisual.cl\/wp2\/wp-json\/wp\/v2\/posts\/4085\/revisions\/4091"}],"wp:featuredmedia":[{"embeddable":true,"href":"https:\/\/girovisual.cl\/wp2\/wp-json\/wp\/v2\/media\/4090"}],"wp:attachment":[{"href":"https:\/\/girovisual.cl\/wp2\/wp-json\/wp\/v2\/media?parent=4085"}],"wp:term":[{"taxonomy":"category","embeddable":true,"href":"https:\/\/girovisual.cl\/wp2\/wp-json\/wp\/v2\/categories?post=4085"},{"taxonomy":"post_tag","embeddable":true,"href":"https:\/\/girovisual.cl\/wp2\/wp-json\/wp\/v2\/tags?post=4085"}],"curies":[{"name":"wp","href":"https:\/\/api.w.org\/{rel}","templated":true}]}}