{"id":4076,"date":"2026-09-01T14:09:08","date_gmt":"2026-09-01T18:09:08","guid":{"rendered":"https:\/\/girovisual.cl\/wp2\/?p=4076"},"modified":"2026-09-01T14:30:01","modified_gmt":"2026-09-01T18:30:01","slug":"nombram-a-ingeniera-comercial-alis-catalan-como-directora-del-servicio-de-salud-valparaiso-san-antonio","status":"publish","type":"post","link":"https:\/\/girovisual.cl\/wp2\/nombram-a-ingeniera-comercial-alis-catalan-como-directora-del-servicio-de-salud-valparaiso-san-antonio\/","title":{"rendered":"Nombram a ingeniera comercial Alis Catal\u00e1n como directora del Servicio de Salud Valpara\u00edso San Antonio."},"content":{"rendered":"\n<p class=\"wp-block-paragraph\">El Presidente de la Rep\u00fablica, Jos\u00e9 Antonio Kast, nombr\u00f3 a Alis Rossana Catal\u00e1n Araya como directora del Servicio de Salud Valpara\u00edso\u2013San Antonio.&nbsp;&nbsp;<\/p>\n\n\n\n<p class=\"wp-block-paragraph\">Alis Catal\u00e1n es ingeniera comercial y licenciada en Ciencias de la Administraci\u00f3n de Empresas de la Universidad de Valpara\u00edso, adem\u00e1s de contadora auditora de Duoc UC. Cuenta con un Mag\u00edster en Direcci\u00f3n de Empresas de la Pontificia Universidad Cat\u00f3lica de Valpara\u00edso y formaci\u00f3n especializada en gesti\u00f3n de recursos humanos, pol\u00edticas de recursos humanos en salud e integraci\u00f3n de redes asistenciales.&nbsp;&nbsp;<\/p>\n\n\n\n<p class=\"wp-block-paragraph\">Su extensa trayectoria profesional ha estado vinculada a la gesti\u00f3n de instituciones p\u00fablicas de salud, administraci\u00f3n hospitalaria, gesti\u00f3n de personas y conducci\u00f3n de redes asistenciales, desempe\u00f1ando distintas responsabilidades directivas dentro del sistema p\u00fablico de salud.&nbsp;&nbsp;<\/p>\n\n\n\n<p class=\"wp-block-paragraph\">Desde junio de 2025 se desempe\u00f1a como jefa de la Unidad de Gesti\u00f3n y Distribuci\u00f3n de Insumos del Hospital Dr. Gustavo Fricke, donde lidera la gesti\u00f3n log\u00edstica y operativa de&nbsp;insumos cl\u00ednicos y no cl\u00ednicos, con responsabilidades en planificaci\u00f3n, almacenamiento, trazabilidad, distribuci\u00f3n y control de abastecimiento para asegurar la continuidad operacional del establecimiento.&nbsp;&nbsp;<\/p>\n\n\n\n<p class=\"wp-block-paragraph\">Anteriormente, ejerci\u00f3 como Directora del Hospital Regional de Rancagua Dr. Franco Ravera Zunino, cargo de Alta Direcci\u00f3n P\u00fablica desde el cual estuvo a cargo de la gesti\u00f3n de las \u00e1reas t\u00e9cnico-asistenciales y administrativas del establecimiento y de su articulaci\u00f3n con la red asistencial del Servicio de Salud O\u2019Higgins.&nbsp;&nbsp;<\/p>\n\n\n\n<p class=\"wp-block-paragraph\">Tambi\u00e9n ha desempe\u00f1ado distintos cargos de Alta Direcci\u00f3n P\u00fablica en la gesti\u00f3n hospitalaria. Fue subdirectora administrativa del Hospital San Juan de Dios, del Servicio de Salud Metropolitano Occidente; subdirectora administrativa del Servicio de Salud Vi\u00f1a del Mar\u2013Quillota; y subdirectora administrativa del Hospital Carlos Van Buren, liderando \u00e1mbitos asociados a gesti\u00f3n financiera, recursos humanos, abastecimiento, infraestructura y funcionamiento administrativo de establecimientos y redes de salud.&nbsp;&nbsp;<\/p>\n\n\n\n<p class=\"wp-block-paragraph\">Entre marzo y octubre de 2018 se desempe\u00f1\u00f3 como directora subrogante del Servicio de Salud Valpara\u00edso\u2013San Antonio, instituci\u00f3n que ahora encabezar\u00e1 como titular. Desde esa responsabilidad estuvo a cargo de la gesti\u00f3n de los recursos de la red asistencial y de su articulaci\u00f3n para responder a los objetivos sanitarios nacionales y regionales.&nbsp;&nbsp;<\/p>\n\n\n\n<p class=\"wp-block-paragraph\">Previamente, ejerci\u00f3 distintas responsabilidades en los hospitales Carlos Van Buren y Dr. Eduardo Pereira, principalmente en gesti\u00f3n y desarrollo de personas y administraci\u00f3n hospitalaria. Su vinculaci\u00f3n con el Servicio de Salud Valpara\u00edso\u2013San Antonio se remonta a 1997, cuando comenz\u00f3 a desempe\u00f1arse profesionalmente en la instituci\u00f3n.<\/p>\n\n\n\n<ul class=\"wp-block-list\">\n<li>Reina Pereira<\/li>\n\n\n\n<li>Lenguaje claro<\/li>\n\n\n\n<li><a href=\"https:\/\/www.minsal.cl\/2026\/09\/01\/\"><time>01\/09\/2026<\/time><\/a><\/li>\n\n\n\n<li>Contenido Comp<\/li>\n<\/ul>\n\n    <div class=\"xs_social_share_widget xs_share_url after_content \t\tmain_content  wslu-style-1 wslu-share-box-shaped wslu-fill-colored wslu-none wslu-share-horizontal wslu-theme-font-no wslu-main_content\">\n\n\t\t\n        <ul>\n\t\t\t        <\/ul>\n    <\/div> \n","protected":false},"excerpt":{"rendered":"<p>El Presidente de la Rep\u00fablica, Jos\u00e9 Antonio Kast, nombr\u00f3 a Alis Rossana Catal\u00e1n Araya como directora del Servicio de Salud Valpara\u00edso\u2013San Antonio.&nbsp;&nbsp; Alis Catal\u00e1n es ingeniera comercial y licenciada en Ciencias de la Administraci\u00f3n de Empresas de la Universidad de Valpara\u00edso, adem\u00e1s de contadora auditora de Duoc UC. Cuenta con un Mag\u00edster en Direcci\u00f3n de [&hellip;]<\/p>\n","protected":false},"author":4,"featured_media":4088,"comment_status":"closed","ping_status":"open","sticky":false,"template":"","format":"standard","meta":{"postBodyCss":"","postBodyMargin":[],"postBodyPadding":[],"postBodyBackground":{"backgroundType":"classic","gradient":""},"footnotes":"","jetpack_publicize_message":"","jetpack_publicize_feature_enabled":true,"jetpack_social_post_already_shared":true,"jetpack_social_options":{"image_generator_settings":{"template":"highway","default_image_id":0,"font":"","enabled":false},"version":2}},"categories":[518,24,5,1009],"tags":[128,1639],"class_list":["post-4076","post","type-post","status-publish","format-standard","has-post-thumbnail","hentry","category-destacada","category-girovisual-tv","category-regional","category-salud","tag-region-de-valparaiso","tag-ssvsa"],"jetpack_publicize_connections":[],"_links":{"self":[{"href":"https:\/\/girovisual.cl\/wp2\/wp-json\/wp\/v2\/posts\/4076","targetHints":{"allow":["GET"]}}],"collection":[{"href":"https:\/\/girovisual.cl\/wp2\/wp-json\/wp\/v2\/posts"}],"about":[{"href":"https:\/\/girovisual.cl\/wp2\/wp-json\/wp\/v2\/types\/post"}],"author":[{"embeddable":true,"href":"https:\/\/girovisual.cl\/wp2\/wp-json\/wp\/v2\/users\/4"}],"replies":[{"embeddable":true,"href":"https:\/\/girovisual.cl\/wp2\/wp-json\/wp\/v2\/comments?post=4076"}],"version-history":[{"count":1,"href":"https:\/\/girovisual.cl\/wp2\/wp-json\/wp\/v2\/posts\/4076\/revisions"}],"predecessor-version":[{"id":4081,"href":"https:\/\/girovisual.cl\/wp2\/wp-json\/wp\/v2\/posts\/4076\/revisions\/4081"}],"wp:featuredmedia":[{"embeddable":true,"href":"https:\/\/girovisual.cl\/wp2\/wp-json\/wp\/v2\/media\/4088"}],"wp:attachment":[{"href":"https:\/\/girovisual.cl\/wp2\/wp-json\/wp\/v2\/media?parent=4076"}],"wp:term":[{"taxonomy":"category","embeddable":true,"href":"https:\/\/girovisual.cl\/wp2\/wp-json\/wp\/v2\/categories?post=4076"},{"taxonomy":"post_tag","embeddable":true,"href":"https:\/\/girovisual.cl\/wp2\/wp-json\/wp\/v2\/tags?post=4076"}],"curies":[{"name":"wp","href":"https:\/\/api.w.org\/{rel}","templated":true}]}}