{"id":4048,"date":"2026-09-01T13:36:58","date_gmt":"2026-09-01T17:36:58","guid":{"rendered":"https:\/\/girovisual.cl\/wp2\/?p=4048"},"modified":"2026-09-01T13:37:08","modified_gmt":"2026-09-01T17:37:08","slug":"gonzalo-feito-fue-formalizado-por-denuncia-de-violencia-intrafamiliar-y-quedo-con-medidas-cautelares","status":"publish","type":"post","link":"https:\/\/girovisual.cl\/wp2\/gonzalo-feito-fue-formalizado-por-denuncia-de-violencia-intrafamiliar-y-quedo-con-medidas-cautelares\/","title":{"rendered":"Gonzalo Feito fue formalizado por denuncia de violencia intrafamiliar y quedo con medidas cautelares."},"content":{"rendered":"\n<p class=\"wp-block-paragraph\">Este martes la Fiscal\u00eda de G\u00e9nero de la Fiscal\u00eda Metropolitana Oriente formaliz\u00f3 al periodista Gonzalo Feito, en causa por denuncia de violencia intrafamiliar interpuesta por su expareja. En la instancia se decret\u00f3 la suspensi\u00f3n condicional del procedimiento por el plazo de un a\u00f1o, lo que est\u00e1 dentro de las medidas contempladas en el art\u00edculo 36 de la Ley N.\u00ba 21.675, conocida como Ley Integral para Prevenir, Sancionar y Erradicar la Violencia contra las Mujeres en Raz\u00f3n de su G\u00e9nero.<\/p>\n\n\n\n<p class=\"wp-block-paragraph\">Con el avance del proceso, el tribunal resolvi\u00f3 este lunes un conjunto de medidas cautelares para Feito: la prohibici\u00f3n de acercarse a la v\u00edctima, la prohibici\u00f3n de comunicarse con ella, la obligaci\u00f3n de someterse a terapia de control de impulsos, la realizaci\u00f3n de un test de drogas mensual y la fijaci\u00f3n de un domicilio conocido ante el tribunal.<\/p>\n\n\n\n<p class=\"wp-block-paragraph\">Las medidas marcan un giro respecto de lo que el propio periodista hab\u00eda declarado meses atr\u00e1s, cuando afirmaba no tener restricciones judiciales asociadas al caso.<\/p>\n\n\n\n<p class=\"wp-block-paragraph\">El proceso contin\u00faa bajo la conducci\u00f3n de la Fiscal\u00eda de G\u00e9nero, sin que hasta el momento se haya fijado una fecha para una eventual formalizaci\u00f3n.<\/p>\n\n\n\n<p class=\"wp-block-paragraph\">Fuente El Filtrador.<\/p>\n\n    <div class=\"xs_social_share_widget xs_share_url after_content \t\tmain_content  wslu-style-1 wslu-share-box-shaped wslu-fill-colored wslu-none wslu-share-horizontal wslu-theme-font-no wslu-main_content\">\n\n\t\t\n        <ul>\n\t\t\t        <\/ul>\n    <\/div> \n","protected":false},"excerpt":{"rendered":"<p>Este martes la Fiscal\u00eda de G\u00e9nero de la Fiscal\u00eda Metropolitana Oriente formaliz\u00f3 al periodista Gonzalo Feito, en causa por denuncia de violencia intrafamiliar interpuesta por su expareja. En la instancia se decret\u00f3 la suspensi\u00f3n condicional del procedimiento por el plazo de un a\u00f1o, lo que est\u00e1 dentro de las medidas contempladas en el art\u00edculo 36 [&hellip;]<\/p>\n","protected":false},"author":4,"featured_media":4052,"comment_status":"closed","ping_status":"open","sticky":false,"template":"","format":"standard","meta":{"postBodyCss":"","postBodyMargin":[],"postBodyPadding":[],"postBodyBackground":{"backgroundType":"classic","gradient":""},"footnotes":"","jetpack_publicize_message":"","jetpack_publicize_feature_enabled":true,"jetpack_social_post_already_shared":true,"jetpack_social_options":{"image_generator_settings":{"template":"highway","default_image_id":0,"font":"","enabled":false},"version":2}},"categories":[15,24,7,1],"tags":[1734,1735,153],"class_list":["post-4048","post","type-post","status-publish","format-standard","has-post-thumbnail","hentry","category-espectaculos","category-girovisual-tv","category-nacional","category-otras-noticias","tag-feito","tag-formalizacion","tag-justicia"],"jetpack_publicize_connections":[],"_links":{"self":[{"href":"https:\/\/girovisual.cl\/wp2\/wp-json\/wp\/v2\/posts\/4048","targetHints":{"allow":["GET"]}}],"collection":[{"href":"https:\/\/girovisual.cl\/wp2\/wp-json\/wp\/v2\/posts"}],"about":[{"href":"https:\/\/girovisual.cl\/wp2\/wp-json\/wp\/v2\/types\/post"}],"author":[{"embeddable":true,"href":"https:\/\/girovisual.cl\/wp2\/wp-json\/wp\/v2\/users\/4"}],"replies":[{"embeddable":true,"href":"https:\/\/girovisual.cl\/wp2\/wp-json\/wp\/v2\/comments?post=4048"}],"version-history":[{"count":1,"href":"https:\/\/girovisual.cl\/wp2\/wp-json\/wp\/v2\/posts\/4048\/revisions"}],"predecessor-version":[{"id":4056,"href":"https:\/\/girovisual.cl\/wp2\/wp-json\/wp\/v2\/posts\/4048\/revisions\/4056"}],"wp:featuredmedia":[{"embeddable":true,"href":"https:\/\/girovisual.cl\/wp2\/wp-json\/wp\/v2\/media\/4052"}],"wp:attachment":[{"href":"https:\/\/girovisual.cl\/wp2\/wp-json\/wp\/v2\/media?parent=4048"}],"wp:term":[{"taxonomy":"category","embeddable":true,"href":"https:\/\/girovisual.cl\/wp2\/wp-json\/wp\/v2\/categories?post=4048"},{"taxonomy":"post_tag","embeddable":true,"href":"https:\/\/girovisual.cl\/wp2\/wp-json\/wp\/v2\/tags?post=4048"}],"curies":[{"name":"wp","href":"https:\/\/api.w.org\/{rel}","templated":true}]}}