{"id":4044,"date":"2026-09-01T13:27:02","date_gmt":"2026-09-01T17:27:02","guid":{"rendered":"https:\/\/girovisual.cl\/wp2\/?p=4044"},"modified":"2026-09-01T13:27:15","modified_gmt":"2026-09-01T17:27:15","slug":"ministro-arrau-refuerza-seguridad-de-alcalde-white-tras-plan-de-atentado","status":"publish","type":"post","link":"https:\/\/girovisual.cl\/wp2\/ministro-arrau-refuerza-seguridad-de-alcalde-white-tras-plan-de-atentado\/","title":{"rendered":"Ministro Arrau refuerza seguridad de alcalde White tras plan de atentado"},"content":{"rendered":"\n<p class=\"wp-block-paragraph\">El Gobierno aument\u00f3 el resguardo policial para el jefe comunal Christopher White tras descubrirse una orden de ejecuci\u00f3n ideada por el \u00abIndio Juan\u00bb.<\/p>\n\n\n\n<p class=\"wp-block-paragraph\"><strong>Refuerzo policial ante grave amenaza contra autoridad<\/strong><\/p>\n\n\n\n<p class=\"wp-block-paragraph\">El ministro del Interior, Mart\u00edn Arrau, confirm\u00f3 el incremento inmediato de las medidas de seguridad para el alcalde de San Bernardo, Christopher White. La decisi\u00f3n gubernamental se adopt\u00f3 tras revelarse la planificaci\u00f3n de un atentado en su contra por parte del peligroso delincuente Juan Flores Valenzuela, conocido como el \u00abIndio Juan\u00bb.<sup><\/sup><\/p>\n\n\n\n<p class=\"wp-block-paragraph\">El plan para asesinar a la autoridad comunal qued\u00f3 al descubierto mediante escuchas telef\u00f3nicas interceptadas al imputado mientras se encontraba pr\u00f3fugo de la justicia, donde dispon\u00eda concretar el ataque antes del 18 de septiembre.<sup><\/sup><\/p>\n\n\n\n<h2 class=\"wp-block-heading\">Interceptaci\u00f3n telef\u00f3nica y despliegue de resguardo<\/h2>\n\n\n\n<p class=\"wp-block-paragraph\">Las diligencias investigativas lideradas por la Fiscal\u00eda permitieron detectar la orden de ejecuci\u00f3n encomendada por el delincuente, lo que gatill\u00f3 un protocolo de protecci\u00f3n reforzada sobre el jefe comunal y su entorno cercano. Tras conocer los antecedentes del caso y la gravedad de las amenazas, la autoridad municipal ingres\u00f3 temporalmente a un centro asistencial bajo pron\u00f3stico reservado.<\/p>\n\n\n\n<p class=\"wp-block-paragraph\">Ante la gravedad de los hechos, el secretario de Estado confirm\u00f3 que mantuvo contacto directo con el jefe comunal para coordinar la nueva escolta de Carabineros y las labores de vigilancia preventiva en la zona.<\/p>\n\n\n\n<h2 class=\"wp-block-heading\">Firmeza gubernamental frente al crimen organizado<\/h2>\n\n\n\n<p class=\"wp-block-paragraph\">Desde el Ejecutivo recalcaron que las acciones del crimen organizado no frenar\u00e1n la labor de las autoridades locales ni el avance de los procedimientos policiales en los sectores intervenidos.<\/p>\n\n\n\n<p class=\"wp-block-paragraph\">La captura del \u00abIndio Juan\u00bb por parte de las unidades especializadas permiti\u00f3 desarticular la ejecuci\u00f3n de la agresi\u00f3n planificada, mientras el Ministerio P\u00fablico prepara la formalizaci\u00f3n de cargos que sumar\u00e1 este nuevo delito al prontuario del imputado.<\/p>\n\n\n\n<p class=\"wp-block-paragraph\"><\/p>\n\n    <div class=\"xs_social_share_widget xs_share_url after_content \t\tmain_content  wslu-style-1 wslu-share-box-shaped wslu-fill-colored wslu-none wslu-share-horizontal wslu-theme-font-no wslu-main_content\">\n\n\t\t\n        <ul>\n\t\t\t        <\/ul>\n    <\/div> \n","protected":false},"excerpt":{"rendered":"<p>El Gobierno aument\u00f3 el resguardo policial para el jefe comunal Christopher White tras descubrirse una orden de ejecuci\u00f3n ideada por el \u00abIndio Juan\u00bb. Refuerzo policial ante grave amenaza contra autoridad El ministro del Interior, Mart\u00edn Arrau, confirm\u00f3 el incremento inmediato de las medidas de seguridad para el alcalde de San Bernardo, Christopher White. La decisi\u00f3n [&hellip;]<\/p>\n","protected":false},"author":1,"featured_media":4047,"comment_status":"closed","ping_status":"open","sticky":false,"template":"","format":"standard","meta":{"postBodyCss":"","postBodyMargin":[],"postBodyPadding":[],"postBodyBackground":{"backgroundType":"classic","gradient":""},"footnotes":"","jetpack_publicize_message":"","jetpack_publicize_feature_enabled":true,"jetpack_social_post_already_shared":true,"jetpack_social_options":{"image_generator_settings":{"template":"highway","default_image_id":0,"font":"","enabled":false},"version":2}},"categories":[7,259,517],"tags":[1731,1730,1733,1112,1732],"class_list":["post-4044","post","type-post","status-publish","format-standard","has-post-thumbnail","hentry","category-nacional","category-policial","category-portada","tag-christopher-white","tag-indio-juan","tag-martin-arrau","tag-policial-chile","tag-san-bernardo"],"jetpack_publicize_connections":[],"_links":{"self":[{"href":"https:\/\/girovisual.cl\/wp2\/wp-json\/wp\/v2\/posts\/4044","targetHints":{"allow":["GET"]}}],"collection":[{"href":"https:\/\/girovisual.cl\/wp2\/wp-json\/wp\/v2\/posts"}],"about":[{"href":"https:\/\/girovisual.cl\/wp2\/wp-json\/wp\/v2\/types\/post"}],"author":[{"embeddable":true,"href":"https:\/\/girovisual.cl\/wp2\/wp-json\/wp\/v2\/users\/1"}],"replies":[{"embeddable":true,"href":"https:\/\/girovisual.cl\/wp2\/wp-json\/wp\/v2\/comments?post=4044"}],"version-history":[{"count":1,"href":"https:\/\/girovisual.cl\/wp2\/wp-json\/wp\/v2\/posts\/4044\/revisions"}],"predecessor-version":[{"id":4049,"href":"https:\/\/girovisual.cl\/wp2\/wp-json\/wp\/v2\/posts\/4044\/revisions\/4049"}],"wp:featuredmedia":[{"embeddable":true,"href":"https:\/\/girovisual.cl\/wp2\/wp-json\/wp\/v2\/media\/4047"}],"wp:attachment":[{"href":"https:\/\/girovisual.cl\/wp2\/wp-json\/wp\/v2\/media?parent=4044"}],"wp:term":[{"taxonomy":"category","embeddable":true,"href":"https:\/\/girovisual.cl\/wp2\/wp-json\/wp\/v2\/categories?post=4044"},{"taxonomy":"post_tag","embeddable":true,"href":"https:\/\/girovisual.cl\/wp2\/wp-json\/wp\/v2\/tags?post=4044"}],"curies":[{"name":"wp","href":"https:\/\/api.w.org\/{rel}","templated":true}]}}