{"id":4020,"date":"2026-09-01T12:20:23","date_gmt":"2026-09-01T16:20:23","guid":{"rendered":"https:\/\/girovisual.cl\/wp2\/?p=4020"},"modified":"2026-09-01T12:20:31","modified_gmt":"2026-09-01T16:20:31","slug":"detienen-a-indio-juan-tras-intenso-operativo-en-la-region-metropolitana","status":"publish","type":"post","link":"https:\/\/girovisual.cl\/wp2\/detienen-a-indio-juan-tras-intenso-operativo-en-la-region-metropolitana\/","title":{"rendered":"Detienen a \u00abIndio Juan\u00bb tras intenso operativo en la Regi\u00f3n Metropolitana"},"content":{"rendered":"\n<p class=\"wp-block-paragraph\">La Polic\u00eda de Investigaciones captur\u00f3 al peligroso pr\u00f3fugo conocido como \u00abIndio Juan\u00bb en un operativo desplegado en la capital.<\/p>\n\n\n\n<p class=\"wp-block-paragraph\"><strong>Captura de peligroso pr\u00f3fugo en la capital<\/strong><\/p>\n\n\n\n<p class=\"wp-block-paragraph\">En un operativo policial desplegado en las \u00faltimas horas en la Regi\u00f3n Metropolitana, las fuerzas de orden lograron la detenci\u00f3n del peligroso delincuente conocido bajo el apodo de \u00abIndio Juan\u00bb. El sujeto, manten\u00eda un nutrido prontuario policial y diversas \u00f3rdenes de detenci\u00f3n pendientes por delitos de alta connotaci\u00f3n social en el pa\u00eds.<\/p>\n\n\n\n<p class=\"wp-block-paragraph\">La captura fue ejecutada por unidades especializadas de la Polic\u00eda de Investigaciones tras meses de inteligencia y seguimiento para dar con su paradero exacto en el sector sur de la capital.<\/p>\n\n\n\n<h2 class=\"wp-block-heading\">Operativo de captura y antecedentes judiciales<\/h2>\n\n\n\n<p class=\"wp-block-paragraph\">Las diligencias investigativas permitieron determinar la rutina del imputado, quien cambiaba de domicilio constantemente para evadir los controles policiales. El procedimiento culmin\u00f3 con su interceptaci\u00f3n sorpresiva en la v\u00eda p\u00fablica, impidiendo que intentara darse a la fuga o hacer uso de armas para resistir el arresto.<\/p>\n\n\n\n<p class=\"wp-block-paragraph\">Al momento de su detenci\u00f3n, el imputado transitaba con documentaci\u00f3n falsa, estrategia que utilizaba de forma recurrente para eludir las fiscalizaciones en los sectores urbanos. Las autoridades destacaron que su neutralizaci\u00f3n elimina de circulaci\u00f3n a uno de los objetivos prioritarios para la seguridad metropolitana.<\/p>\n\n\n\n<h2 class=\"wp-block-heading\">Puesta a disposici\u00f3n de los tribunales<\/h2>\n\n\n\n<p class=\"wp-block-paragraph\">Tras la confirmaci\u00f3n de su identidad en dependencias policiales, el sujeto fue trasladado al bloque de detenci\u00f3n correspondiente para quedar a disposici\u00f3n del Ministerio P\u00fablico.<\/p>\n\n\n\n<p class=\"wp-block-paragraph\">Durante la jornada se llevar\u00e1 a cabo el control de detenci\u00f3n y la posterior formalizaci\u00f3n de cargos, instancia donde la fiscal\u00eda solicitar\u00e1 la medida cautelar de prisi\u00f3n preventiva considerando el elevado peligro para la seguridad de la sociedad que representa el imputado.<\/p>\n\n    <div class=\"xs_social_share_widget xs_share_url after_content \t\tmain_content  wslu-style-1 wslu-share-box-shaped wslu-fill-colored wslu-none wslu-share-horizontal wslu-theme-font-no wslu-main_content\">\n\n\t\t\n        <ul>\n\t\t\t        <\/ul>\n    <\/div> \n","protected":false},"excerpt":{"rendered":"<p>La Polic\u00eda de Investigaciones captur\u00f3 al peligroso pr\u00f3fugo conocido como \u00abIndio Juan\u00bb en un operativo desplegado en la capital. Captura de peligroso pr\u00f3fugo en la capital En un operativo policial desplegado en las \u00faltimas horas en la Regi\u00f3n Metropolitana, las fuerzas de orden lograron la detenci\u00f3n del peligroso delincuente conocido bajo el apodo de \u00abIndio [&hellip;]<\/p>\n","protected":false},"author":1,"featured_media":4023,"comment_status":"closed","ping_status":"open","sticky":false,"template":"","format":"standard","meta":{"postBodyCss":"","postBodyMargin":[],"postBodyPadding":[],"postBodyBackground":{"backgroundType":"classic","gradient":""},"footnotes":"","jetpack_publicize_message":"","jetpack_publicize_feature_enabled":true,"jetpack_social_post_already_shared":true,"jetpack_social_options":{"image_generator_settings":{"template":"highway","default_image_id":0,"font":"","enabled":false},"version":2}},"categories":[518,7,1142,259],"tags":[1721,1720,1722,244],"class_list":["post-4020","post","type-post","status-publish","format-standard","has-post-thumbnail","hentry","category-destacada","category-nacional","category-poder-judicial","category-policial","tag-detencion-region-metropolitana","tag-ndio-juan","tag-pdi-chile","tag-seguridad-publica"],"jetpack_publicize_connections":[],"_links":{"self":[{"href":"https:\/\/girovisual.cl\/wp2\/wp-json\/wp\/v2\/posts\/4020","targetHints":{"allow":["GET"]}}],"collection":[{"href":"https:\/\/girovisual.cl\/wp2\/wp-json\/wp\/v2\/posts"}],"about":[{"href":"https:\/\/girovisual.cl\/wp2\/wp-json\/wp\/v2\/types\/post"}],"author":[{"embeddable":true,"href":"https:\/\/girovisual.cl\/wp2\/wp-json\/wp\/v2\/users\/1"}],"replies":[{"embeddable":true,"href":"https:\/\/girovisual.cl\/wp2\/wp-json\/wp\/v2\/comments?post=4020"}],"version-history":[{"count":1,"href":"https:\/\/girovisual.cl\/wp2\/wp-json\/wp\/v2\/posts\/4020\/revisions"}],"predecessor-version":[{"id":4024,"href":"https:\/\/girovisual.cl\/wp2\/wp-json\/wp\/v2\/posts\/4020\/revisions\/4024"}],"wp:featuredmedia":[{"embeddable":true,"href":"https:\/\/girovisual.cl\/wp2\/wp-json\/wp\/v2\/media\/4023"}],"wp:attachment":[{"href":"https:\/\/girovisual.cl\/wp2\/wp-json\/wp\/v2\/media?parent=4020"}],"wp:term":[{"taxonomy":"category","embeddable":true,"href":"https:\/\/girovisual.cl\/wp2\/wp-json\/wp\/v2\/categories?post=4020"},{"taxonomy":"post_tag","embeddable":true,"href":"https:\/\/girovisual.cl\/wp2\/wp-json\/wp\/v2\/tags?post=4020"}],"curies":[{"name":"wp","href":"https:\/\/api.w.org\/{rel}","templated":true}]}}