{"id":4014,"date":"2026-09-01T12:13:27","date_gmt":"2026-09-01T16:13:27","guid":{"rendered":"https:\/\/girovisual.cl\/wp2\/?p=4014"},"modified":"2026-09-01T12:13:40","modified_gmt":"2026-09-01T16:13:40","slug":"imacec-de-julio-cae-15-empujado-por-impacto-de-temporales-en-chile","status":"publish","type":"post","link":"https:\/\/girovisual.cl\/wp2\/imacec-de-julio-cae-15-empujado-por-impacto-de-temporales-en-chile\/","title":{"rendered":"Imacec de julio cae 1,5% empujado por impacto de temporales en Chile"},"content":{"rendered":"\n<p class=\"wp-block-paragraph\">La econom\u00eda chilena retrocedi\u00f3 un 1,5% interanual afectada por severos frente de mal tiempo que golpearon la producci\u00f3n nacional.<\/p>\n\n\n\n<p class=\"wp-block-paragraph\"><strong>Retroceso de la actividad econ\u00f3mica en julio<\/strong><\/p>\n\n\n\n<p class=\"wp-block-paragraph\">La econom\u00eda chilena sum\u00f3 un duro rev\u00e9s en el inicio del segundo semestre. De acuerdo a las cifras entregadas por el Banco Central, el \u00cdndice Mensual de Actividad Econ\u00f3mica (Imacec) <strong>registr\u00f3 una ca\u00edda del 1,5% interanual<\/strong>, anotando su peor desempe\u00f1o en lo que va del a\u00f1o.<\/p>\n\n\n\n<p class=\"wp-block-paragraph\">El resultado estuvo fuertemente condicionado por los intensos frentes de mal tiempo y precipitaciones registrados durante el invierno, los que generaron interrupciones operativas y serios da\u00f1os en sectores clave del entramado productivo nacional.<\/p>\n\n\n\n<h2 class=\"wp-block-heading\">Los sectores m\u00e1s golpeados por el mal tiempo<\/h2>\n\n\n\n<p class=\"wp-block-paragraph\">El impacto clim\u00e1tico se sinti\u00f3 de forma transversal en el aparato productivo, donde la acumulaci\u00f3n de agua, los cortes de suministros y los problemas log\u00edsticos afectaron el normal desarrollo de las faenas:<\/p>\n\n\n\n<ul class=\"wp-block-list\">\n<li><strong>Sector Silvoagropecuario:<\/strong> Las inundaciones y anegamientos de suelos agr\u00edcolas provocaron p\u00e9rdidas cuantiosas en cultivos y paralizaci\u00f3n de cosechas.<\/li>\n\n\n\n<li><strong>Infraestructura y Log\u00edstica:<\/strong> Da\u00f1os en puentes y rutas principales dificultaron el traslado de mercanc\u00edas e insumos hacia los puertos y centros urbanos.<\/li>\n\n\n\n<li><strong>Comercio y Servicios:<\/strong> La menor movilidad de las personas producto de los temporales incidi\u00f3 en una menor actividad comercial en las regiones afectadas.<\/li>\n<\/ul>\n\n\n\n<h2 class=\"wp-block-heading\">Proyecciones para el cierre de a\u00f1o<\/h2>\n\n\n\n<p class=\"wp-block-paragraph\">El desempe\u00f1o negativo del Imacec enciende las alarmas en el mercado financiero y recalibra las expectativas del Ministerio de Hacienda respecto al crecimiento del Producto Interno Bruto (PIB) anual.<\/p>\n\n\n\n<p class=\"wp-block-paragraph\">Analistas econ\u00f3micos coinciden en que la capacidad de recuperaci\u00f3n del consumo interno y la celeridad en las obras de reconstrucci\u00f3n vial ser\u00e1n determinantes para amortiguar el impacto del freno econ\u00f3mico en los pr\u00f3ximos trimestres.<\/p>\n\n    <div class=\"xs_social_share_widget xs_share_url after_content \t\tmain_content  wslu-style-1 wslu-share-box-shaped wslu-fill-colored wslu-none wslu-share-horizontal wslu-theme-font-no wslu-main_content\">\n\n\t\t\n        <ul>\n\t\t\t        <\/ul>\n    <\/div> \n","protected":false},"excerpt":{"rendered":"<p>La econom\u00eda chilena retrocedi\u00f3 un 1,5% interanual afectada por severos frente de mal tiempo que golpearon la producci\u00f3n nacional. Retroceso de la actividad econ\u00f3mica en julio La econom\u00eda chilena sum\u00f3 un duro rev\u00e9s en el inicio del segundo semestre. De acuerdo a las cifras entregadas por el Banco Central, el \u00cdndice Mensual de Actividad Econ\u00f3mica [&hellip;]<\/p>\n","protected":false},"author":1,"featured_media":4017,"comment_status":"closed","ping_status":"open","sticky":false,"template":"","format":"standard","meta":{"postBodyCss":"","postBodyMargin":[],"postBodyPadding":[],"postBodyBackground":{"backgroundType":"classic","gradient":""},"footnotes":"","jetpack_publicize_message":"","jetpack_publicize_feature_enabled":true,"jetpack_social_post_already_shared":true,"jetpack_social_options":{"image_generator_settings":{"template":"highway","default_image_id":0,"font":"","enabled":false},"version":2}},"categories":[89,517],"tags":[1718,1055,1717],"class_list":["post-4014","post","type-post","status-publish","format-standard","has-post-thumbnail","hentry","category-economia","category-portada","tag-banco-central-chile","tag-economia-chilena","tag-imacec-chile"],"jetpack_publicize_connections":[],"_links":{"self":[{"href":"https:\/\/girovisual.cl\/wp2\/wp-json\/wp\/v2\/posts\/4014","targetHints":{"allow":["GET"]}}],"collection":[{"href":"https:\/\/girovisual.cl\/wp2\/wp-json\/wp\/v2\/posts"}],"about":[{"href":"https:\/\/girovisual.cl\/wp2\/wp-json\/wp\/v2\/types\/post"}],"author":[{"embeddable":true,"href":"https:\/\/girovisual.cl\/wp2\/wp-json\/wp\/v2\/users\/1"}],"replies":[{"embeddable":true,"href":"https:\/\/girovisual.cl\/wp2\/wp-json\/wp\/v2\/comments?post=4014"}],"version-history":[{"count":1,"href":"https:\/\/girovisual.cl\/wp2\/wp-json\/wp\/v2\/posts\/4014\/revisions"}],"predecessor-version":[{"id":4018,"href":"https:\/\/girovisual.cl\/wp2\/wp-json\/wp\/v2\/posts\/4014\/revisions\/4018"}],"wp:featuredmedia":[{"embeddable":true,"href":"https:\/\/girovisual.cl\/wp2\/wp-json\/wp\/v2\/media\/4017"}],"wp:attachment":[{"href":"https:\/\/girovisual.cl\/wp2\/wp-json\/wp\/v2\/media?parent=4014"}],"wp:term":[{"taxonomy":"category","embeddable":true,"href":"https:\/\/girovisual.cl\/wp2\/wp-json\/wp\/v2\/categories?post=4014"},{"taxonomy":"post_tag","embeddable":true,"href":"https:\/\/girovisual.cl\/wp2\/wp-json\/wp\/v2\/tags?post=4014"}],"curies":[{"name":"wp","href":"https:\/\/api.w.org\/{rel}","templated":true}]}}