{"id":4006,"date":"2026-09-01T08:40:20","date_gmt":"2026-09-01T12:40:20","guid":{"rendered":"https:\/\/girovisual.cl\/wp2\/?p=4006"},"modified":"2026-09-01T08:40:34","modified_gmt":"2026-09-01T12:40:34","slug":"mala-noticia-mineria-e-industria-arrastran-al-imacec-15-en-julio","status":"publish","type":"post","link":"https:\/\/girovisual.cl\/wp2\/mala-noticia-mineria-e-industria-arrastran-al-imacec-15-en-julio\/","title":{"rendered":"Mala noticia, miner\u00eda e industria arrastran al Imacec: &#8211; 1,5 % en julio"},"content":{"rendered":"\n<p class=\"wp-block-paragraph\"><\/p>\n\n\n\n<p class=\"wp-block-paragraph\">La producci\u00f3n industrial cay\u00f3 5,1% anual, su segunda mayor contracci\u00f3n de 2026, por debajo del retroceso de 1,9% que anticipaba la Encuesta Bloomberg. La miner\u00eda disminuy\u00f3 7,2% anual y 8,0% mensual desestacionalizado. Coopeuch atribuy\u00f3 el resultado a una menor extracci\u00f3n y procesamiento de cobre, afectada por las condiciones clim\u00e1ticas en el norte y mantenciones en faenas relevantes. Santander coincide en el impacto clim\u00e1tico. \u201cLa miner\u00eda se contrajo 7,2% a\/a, con un significativo descenso de 8,0% m\/m desestacionalizado, explicado en su mayor\u00eda por los eventos clim\u00e1ticos que afectaron especialmente al norte del pa\u00eds\u201d, sostienen. La miner\u00eda met\u00e1lica cay\u00f3 10,7%, mientras la no met\u00e1lica avanz\u00f3 15,9%, apoyada por el litio. En manufactura, la producci\u00f3n retrocedi\u00f3 4,9% anual y acumul\u00f3 su s\u00e9ptimo mes consecutivo de ca\u00eddas interanuales.<\/p>\n\n\n\n<p class=\"wp-block-paragraph\"><\/p>\n\n\n\n<p class=\"wp-block-paragraph\"><\/p>\n\n    <div class=\"xs_social_share_widget xs_share_url after_content \t\tmain_content  wslu-style-1 wslu-share-box-shaped wslu-fill-colored wslu-none wslu-share-horizontal wslu-theme-font-no wslu-main_content\">\n\n\t\t\n        <ul>\n\t\t\t        <\/ul>\n    <\/div> \n","protected":false},"excerpt":{"rendered":"<p>La producci\u00f3n industrial cay\u00f3 5,1% anual, su segunda mayor contracci\u00f3n de 2026, por debajo del retroceso de 1,9% que anticipaba la Encuesta Bloomberg. La miner\u00eda disminuy\u00f3 7,2% anual y 8,0% mensual desestacionalizado. Coopeuch atribuy\u00f3 el resultado a una menor extracci\u00f3n y procesamiento de cobre, afectada por las condiciones clim\u00e1ticas en el norte y mantenciones en [&hellip;]<\/p>\n","protected":false},"author":4,"featured_media":4009,"comment_status":"closed","ping_status":"open","sticky":false,"template":"","format":"standard","meta":{"postBodyCss":"","postBodyMargin":[],"postBodyPadding":[],"postBodyBackground":{"backgroundType":"classic","gradient":""},"footnotes":"","jetpack_publicize_message":"","jetpack_publicize_feature_enabled":true,"jetpack_social_post_already_shared":true,"jetpack_social_options":{"image_generator_settings":{"template":"highway","default_image_id":0,"font":"","enabled":false},"version":2}},"categories":[518,89,24,7],"tags":[265,543,1716],"class_list":["post-4006","post","type-post","status-publish","format-standard","has-post-thumbnail","hentry","category-destacada","category-economia","category-girovisual-tv","category-nacional","tag-economia-2","tag-empleo","tag-imacec"],"jetpack_publicize_connections":[],"_links":{"self":[{"href":"https:\/\/girovisual.cl\/wp2\/wp-json\/wp\/v2\/posts\/4006","targetHints":{"allow":["GET"]}}],"collection":[{"href":"https:\/\/girovisual.cl\/wp2\/wp-json\/wp\/v2\/posts"}],"about":[{"href":"https:\/\/girovisual.cl\/wp2\/wp-json\/wp\/v2\/types\/post"}],"author":[{"embeddable":true,"href":"https:\/\/girovisual.cl\/wp2\/wp-json\/wp\/v2\/users\/4"}],"replies":[{"embeddable":true,"href":"https:\/\/girovisual.cl\/wp2\/wp-json\/wp\/v2\/comments?post=4006"}],"version-history":[{"count":1,"href":"https:\/\/girovisual.cl\/wp2\/wp-json\/wp\/v2\/posts\/4006\/revisions"}],"predecessor-version":[{"id":4010,"href":"https:\/\/girovisual.cl\/wp2\/wp-json\/wp\/v2\/posts\/4006\/revisions\/4010"}],"wp:featuredmedia":[{"embeddable":true,"href":"https:\/\/girovisual.cl\/wp2\/wp-json\/wp\/v2\/media\/4009"}],"wp:attachment":[{"href":"https:\/\/girovisual.cl\/wp2\/wp-json\/wp\/v2\/media?parent=4006"}],"wp:term":[{"taxonomy":"category","embeddable":true,"href":"https:\/\/girovisual.cl\/wp2\/wp-json\/wp\/v2\/categories?post=4006"},{"taxonomy":"post_tag","embeddable":true,"href":"https:\/\/girovisual.cl\/wp2\/wp-json\/wp\/v2\/tags?post=4006"}],"curies":[{"name":"wp","href":"https:\/\/api.w.org\/{rel}","templated":true}]}}