{"id":4001,"date":"2026-09-01T08:14:13","date_gmt":"2026-09-01T12:14:13","guid":{"rendered":"https:\/\/girovisual.cl\/wp2\/?p=4001"},"modified":"2026-09-01T08:14:25","modified_gmt":"2026-09-01T12:14:25","slug":"paso-los-libertadores-desde-hoy-permite-el-transito-de-todo-tipo-de-vehiculos","status":"publish","type":"post","link":"https:\/\/girovisual.cl\/wp2\/paso-los-libertadores-desde-hoy-permite-el-transito-de-todo-tipo-de-vehiculos\/","title":{"rendered":"Paso Los Libertadores desde hoy permite el tr\u00e1nsito de todo tipo de veh\u00edculos ."},"content":{"rendered":"\n<p class=\"wp-block-paragraph\">El Paso Los Libertadores volvi\u00f3 a recibir desde este martes a todo tipo de veh\u00edculos, tanto en direcci\u00f3n desde Argentina hacia Chile como desde Chile hacia Argentina. El prolongado cierre lleg\u00f3 a su fin el lunes 24 de agosto, cuando las autoridades de Chile y Argentina resolvieron reabrir el Sistema Integrado Cristo Redentor, aunque bajo una primera restricci\u00f3n: solo pod\u00edan circular veh\u00edculos de carga terrestre, es decir, camiones. La medida respond\u00eda a la necesidad de garantizar condiciones seguras de tr\u00e1nsito en la cordillera. De acuerdo con la Delegaci\u00f3n Presidencial Provincial de Los Andes, los equipos t\u00e9cnicos de las vialidades de ambos pa\u00edses hab\u00edan constatado condiciones de transitabilidad segura y un escenario meteorol\u00f3gico favorable, aunque todav\u00eda no suficiente para permitir el paso de veh\u00edculos particulares y buses.<\/p>\n\n\n\n<p class=\"wp-block-paragraph\"><\/p>\n\n\n\n<p class=\"wp-block-paragraph\"><\/p>\n\n\n\n<p class=\"wp-block-paragraph\"><\/p>\n\n    <div class=\"xs_social_share_widget xs_share_url after_content \t\tmain_content  wslu-style-1 wslu-share-box-shaped wslu-fill-colored wslu-none wslu-share-horizontal wslu-theme-font-no wslu-main_content\">\n\n\t\t\n        <ul>\n\t\t\t        <\/ul>\n    <\/div> \n","protected":false},"excerpt":{"rendered":"<p>El Paso Los Libertadores volvi\u00f3 a recibir desde este martes a todo tipo de veh\u00edculos, tanto en direcci\u00f3n desde Argentina hacia Chile como desde Chile hacia Argentina. El prolongado cierre lleg\u00f3 a su fin el lunes 24 de agosto, cuando las autoridades de Chile y Argentina resolvieron reabrir el Sistema Integrado Cristo Redentor, aunque bajo [&hellip;]<\/p>\n","protected":false},"author":4,"featured_media":4004,"comment_status":"closed","ping_status":"open","sticky":false,"template":"","format":"standard","meta":{"postBodyCss":"","postBodyMargin":[],"postBodyPadding":[],"postBodyBackground":{"backgroundType":"classic","gradient":""},"footnotes":"","jetpack_publicize_message":"","jetpack_publicize_feature_enabled":true,"jetpack_social_post_already_shared":true,"jetpack_social_options":{"image_generator_settings":{"template":"highway","default_image_id":0,"font":"","enabled":false},"version":2}},"categories":[518,89,24,100],"tags":[1117,1146,1715],"class_list":["post-4001","post","type-post","status-publish","format-standard","has-post-thumbnail","hentry","category-destacada","category-economia","category-girovisual-tv","category-internacional","tag-camiones","tag-cristo-redentor","tag-paso-libertadores"],"jetpack_publicize_connections":[],"_links":{"self":[{"href":"https:\/\/girovisual.cl\/wp2\/wp-json\/wp\/v2\/posts\/4001","targetHints":{"allow":["GET"]}}],"collection":[{"href":"https:\/\/girovisual.cl\/wp2\/wp-json\/wp\/v2\/posts"}],"about":[{"href":"https:\/\/girovisual.cl\/wp2\/wp-json\/wp\/v2\/types\/post"}],"author":[{"embeddable":true,"href":"https:\/\/girovisual.cl\/wp2\/wp-json\/wp\/v2\/users\/4"}],"replies":[{"embeddable":true,"href":"https:\/\/girovisual.cl\/wp2\/wp-json\/wp\/v2\/comments?post=4001"}],"version-history":[{"count":1,"href":"https:\/\/girovisual.cl\/wp2\/wp-json\/wp\/v2\/posts\/4001\/revisions"}],"predecessor-version":[{"id":4005,"href":"https:\/\/girovisual.cl\/wp2\/wp-json\/wp\/v2\/posts\/4001\/revisions\/4005"}],"wp:featuredmedia":[{"embeddable":true,"href":"https:\/\/girovisual.cl\/wp2\/wp-json\/wp\/v2\/media\/4004"}],"wp:attachment":[{"href":"https:\/\/girovisual.cl\/wp2\/wp-json\/wp\/v2\/media?parent=4001"}],"wp:term":[{"taxonomy":"category","embeddable":true,"href":"https:\/\/girovisual.cl\/wp2\/wp-json\/wp\/v2\/categories?post=4001"},{"taxonomy":"post_tag","embeddable":true,"href":"https:\/\/girovisual.cl\/wp2\/wp-json\/wp\/v2\/tags?post=4001"}],"curies":[{"name":"wp","href":"https:\/\/api.w.org\/{rel}","templated":true}]}}