{"id":3996,"date":"2026-09-01T07:53:23","date_gmt":"2026-09-01T11:53:23","guid":{"rendered":"https:\/\/girovisual.cl\/wp2\/?p=3996"},"modified":"2026-09-01T07:53:33","modified_gmt":"2026-09-01T11:53:33","slug":"kast-viaja-a-magallanes-en-plena-tension-con-argentina-parlamentarios-exigen-mensaje-de-soberania","status":"publish","type":"post","link":"https:\/\/girovisual.cl\/wp2\/kast-viaja-a-magallanes-en-plena-tension-con-argentina-parlamentarios-exigen-mensaje-de-soberania\/","title":{"rendered":"Kast viaja a Magallanes en plena tensi\u00f3n con Argentina: parlamentarios exigen \u00abmensaje de soberan\u00eda\u00bb."},"content":{"rendered":"\n<p class=\"wp-block-paragraph\">En medio de las tensiones diplom\u00e1ticas con Argentina por las recientes declaraciones de un brigadier trasandino que reclam\u00f3 la soberan\u00eda del Estrecho de Magallanes, el presidente, Jos\u00e9 Antonio Kast , llega este martes a la Regi\u00f3n de Magallanes. La visita, que lo deja a un paso de recorrer todas las regiones del pa\u00eds antes de Fiestas Patrias, no solo tiene un car\u00e1cter simb\u00f3lico: parlamentarios de la zona esperan que se convierta en una se\u00f1al concreta de respaldo a la soberan\u00eda chilena en el extremo austral. El mandatario aterrizar\u00e1 en Punta Arenas junto al biministro de Interior y Segegob, Claudio Alvarado, y el ministro de Defensa, Fernando Barros, para supervisar ejercicios militares del Ej\u00e9rcito y la Armada, incluyendo la fuerza de tarea anfibia y el ejercicio Jauk\u00e9n. La visita ocurre luego de que el brigadier argentino Gustavo Valverde, jefe del estado mayor de la Fuerza A\u00e9rea de ese pa\u00eds, se convirtiera en la segunda autoridad argentina en cuatro meses en adjudicar territorio chileno al pa\u00eds vecino. El diputado independiente Alejandro Riquelme afirm\u00f3 que la visita debe ser \u00abuna se\u00f1al concreta de respaldo no solo a nuestras Fuerzas Armadas y de presencia efectiva del Estado en una regi\u00f3n estrat\u00e9gica para Chile\u00bb, y subray\u00f3 que \u00abla soberan\u00eda no admite interpretaciones ambiguas\u00bb.<\/p>\n\n\n\n<p class=\"wp-block-paragraph\">S\u00edguenos en:<\/p>\n\n\n\n<p class=\"wp-block-paragraph\">1<\/p>\n\n\n\n<p class=\"wp-block-paragraph\"><\/p>\n\n    <div class=\"xs_social_share_widget xs_share_url after_content \t\tmain_content  wslu-style-1 wslu-share-box-shaped wslu-fill-colored wslu-none wslu-share-horizontal wslu-theme-font-no wslu-main_content\">\n\n\t\t\n        <ul>\n\t\t\t        <\/ul>\n    <\/div> \n","protected":false},"excerpt":{"rendered":"<p>En medio de las tensiones diplom\u00e1ticas con Argentina por las recientes declaraciones de un brigadier trasandino que reclam\u00f3 la soberan\u00eda del Estrecho de Magallanes, el presidente, Jos\u00e9 Antonio Kast , llega este martes a la Regi\u00f3n de Magallanes. La visita, que lo deja a un paso de recorrer todas las regiones del pa\u00eds antes de [&hellip;]<\/p>\n","protected":false},"author":4,"featured_media":3999,"comment_status":"closed","ping_status":"open","sticky":false,"template":"","format":"standard","meta":{"postBodyCss":"","postBodyMargin":[],"postBodyPadding":[],"postBodyBackground":{"backgroundType":"classic","gradient":""},"footnotes":"","jetpack_publicize_message":"","jetpack_publicize_feature_enabled":true,"jetpack_social_post_already_shared":true,"jetpack_social_options":{"image_generator_settings":{"template":"highway","default_image_id":0,"font":"","enabled":false},"version":2}},"categories":[518,24,7,517],"tags":[1713,170,584],"class_list":["post-3996","post","type-post","status-publish","format-standard","has-post-thumbnail","hentry","category-destacada","category-girovisual-tv","category-nacional","category-portada","tag-fernando-barros","tag-jose-antonio-kast","tag-punta-arenas"],"jetpack_publicize_connections":[],"_links":{"self":[{"href":"https:\/\/girovisual.cl\/wp2\/wp-json\/wp\/v2\/posts\/3996","targetHints":{"allow":["GET"]}}],"collection":[{"href":"https:\/\/girovisual.cl\/wp2\/wp-json\/wp\/v2\/posts"}],"about":[{"href":"https:\/\/girovisual.cl\/wp2\/wp-json\/wp\/v2\/types\/post"}],"author":[{"embeddable":true,"href":"https:\/\/girovisual.cl\/wp2\/wp-json\/wp\/v2\/users\/4"}],"replies":[{"embeddable":true,"href":"https:\/\/girovisual.cl\/wp2\/wp-json\/wp\/v2\/comments?post=3996"}],"version-history":[{"count":1,"href":"https:\/\/girovisual.cl\/wp2\/wp-json\/wp\/v2\/posts\/3996\/revisions"}],"predecessor-version":[{"id":4000,"href":"https:\/\/girovisual.cl\/wp2\/wp-json\/wp\/v2\/posts\/3996\/revisions\/4000"}],"wp:featuredmedia":[{"embeddable":true,"href":"https:\/\/girovisual.cl\/wp2\/wp-json\/wp\/v2\/media\/3999"}],"wp:attachment":[{"href":"https:\/\/girovisual.cl\/wp2\/wp-json\/wp\/v2\/media?parent=3996"}],"wp:term":[{"taxonomy":"category","embeddable":true,"href":"https:\/\/girovisual.cl\/wp2\/wp-json\/wp\/v2\/categories?post=3996"},{"taxonomy":"post_tag","embeddable":true,"href":"https:\/\/girovisual.cl\/wp2\/wp-json\/wp\/v2\/tags?post=3996"}],"curies":[{"name":"wp","href":"https:\/\/api.w.org\/{rel}","templated":true}]}}