{"id":3989,"date":"2026-09-01T07:40:15","date_gmt":"2026-09-01T11:40:15","guid":{"rendered":"https:\/\/girovisual.cl\/wp2\/?p=3989"},"modified":"2026-09-01T07:40:23","modified_gmt":"2026-09-01T11:40:23","slug":"republicanos-frenan-unanimidad-para-despachar-feriado-del-17-de-septiembre-y-comision-invitara-a-quiroz-y-mas","status":"publish","type":"post","link":"https:\/\/girovisual.cl\/wp2\/republicanos-frenan-unanimidad-para-despachar-feriado-del-17-de-septiembre-y-comision-invitara-a-quiroz-y-mas\/","title":{"rendered":"Republicanos frenan unanimidad para despachar feriado del 17 de septiembre y comisi\u00f3n invitar\u00e1 a Quiroz y Mas."},"content":{"rendered":"\n<p class=\"wp-block-paragraph\">\u201cLa comisi\u00f3n hab\u00eda iniciado durante la tarde la&nbsp;discusi\u00f3n general&nbsp;de la iniciativa, presentada por diputados del Partido Comunista y otros parlamentarios, que busca extender las celebraciones de Fiestas Patrias de este a\u00f1o.&nbsp;<strong>La <\/strong>propuesta contempla que el 17 de septiembre sea feriado nacional, considerando que el 18 caer\u00e1 viernes y el 19 s\u00e1bado.<\/p>\n\n\n\n<p class=\"wp-block-paragraph\">Al no existir esa unanimidad no podemos avanzar en el proyecto\u201d,<strong> <\/strong>se\u00f1al\u00f3 la presidenta de la Comisi\u00f3n de Gobierno Interior, Joanna P\u00e9rez (Dem\u00f3cratas), luego de que diputados del\u00a0Partido Republicano\u00a0no entregaran el acuerdo requerido para\u00a0omitir el tr\u00e1mite de audiencia\u00a0y votar durante la jornada el proyecto que busca declarar\u00a0<strong>feriado <\/strong>nacional el jueves 17 de septiembre de 2026.<\/p>\n\n\n\n<p class=\"wp-block-paragraph\"><\/p>\n\n\n\n<p class=\"wp-block-paragraph\">P\u00e9rez hab\u00eda planteado que, para votar el proyecto y despacharlo directamente a la Sala,&nbsp;<strong>se necesitaban dos unanimidades<\/strong>: una para omitir el per\u00edodo de audiencias y otra para cerrar el debate en la comisi\u00f3n.<\/p>\n\n\n\n<p class=\"wp-block-paragraph\">\u201cCon esas condiciones pudi\u00e9ramos votarlo ahora, despacharlo y ser\u00e1 la Sala primero, y despu\u00e9s Hacienda que defina cu\u00e1l es el destino\u201d, explic\u00f3 la parlamentaria.<\/p>\n\n\n\n<p class=\"wp-block-paragraph\">Sin embargo, los\u00a0diputados republicanos se opusieron a acelerar la tramitaci\u00f3n\u00a0y plantearon la necesidad de conocer antecedentes sobre los efectos econ\u00f3micos de establecer una jornada adicional de descanso.<\/p>\n\n\n\n<p class=\"wp-block-paragraph\">Al respecto, el diputado\u00a0Alejandro Riquelme\u00a0(Republicano) sostuvo que la discusi\u00f3n deb\u00eda incorporar la\u00a0<strong>visi\u00f3n de organizaciones empresariales y de peque\u00f1as y medianas empresas.<\/strong><\/p>\n\n\n\n<p class=\"wp-block-paragraph\">Afirm\u00f3 que los feriados pueden representar un costo para distintas actividades econ\u00f3micas y cuestion\u00f3 que los beneficios asociados al turismo puedan extrapolarse al conjunto de la econom\u00eda.<\/p>\n\n\n\n<p class=\"wp-block-paragraph\">\u201cYo quiero que efectivamente los gremios de Pymes digan si realmente se va a perder plata o no ese d\u00eda, o si es efectivamente un d\u00eda que el pa\u00eds gana\u201d, se\u00f1al\u00f3.<\/p>\n\n\n\n<p class=\"wp-block-paragraph\">El parlamentario magall\u00e1nico tambi\u00e9n pidi\u00f3 conocer el impacto que tendr\u00eda la jornada en el funcionamiento del sector p\u00fablico y plante\u00f3 que la comisi\u00f3n deb\u00eda escuchar a quienes pudieran entregar antecedentes sobre el costo de la medida.<\/p>\n\n\n\n<p class=\"wp-block-paragraph\">la tercera.com.<\/p>\n\n\n\n<p class=\"wp-block-paragraph\"><\/p>\n\n    <div class=\"xs_social_share_widget xs_share_url after_content \t\tmain_content  wslu-style-1 wslu-share-box-shaped wslu-fill-colored wslu-none wslu-share-horizontal wslu-theme-font-no wslu-main_content\">\n\n\t\t\n        <ul>\n\t\t\t        <\/ul>\n    <\/div> \n","protected":false},"excerpt":{"rendered":"<p>\u201cLa comisi\u00f3n hab\u00eda iniciado durante la tarde la&nbsp;discusi\u00f3n general&nbsp;de la iniciativa, presentada por diputados del Partido Comunista y otros parlamentarios, que busca extender las celebraciones de Fiestas Patrias de este a\u00f1o.&nbsp;La propuesta contempla que el 17 de septiembre sea feriado nacional, considerando que el 18 caer\u00e1 viernes y el 19 s\u00e1bado. Al no existir esa [&hellip;]<\/p>\n","protected":false},"author":4,"featured_media":3992,"comment_status":"closed","ping_status":"open","sticky":false,"template":"","format":"standard","meta":{"postBodyCss":"","postBodyMargin":[],"postBodyPadding":[],"postBodyBackground":{"backgroundType":"classic","gradient":""},"footnotes":"","jetpack_publicize_message":"","jetpack_publicize_feature_enabled":true,"jetpack_social_post_already_shared":true,"jetpack_social_options":{"image_generator_settings":{"template":"highway","default_image_id":0,"font":"","enabled":false},"version":2}},"categories":[518,24,7],"tags":[1711,1712,404],"class_list":["post-3989","post","type-post","status-publish","format-standard","has-post-thumbnail","hentry","category-destacada","category-girovisual-tv","category-nacional","tag-17-de-septiembre","tag-feriado","tag-fiestas-patrias"],"jetpack_publicize_connections":[],"_links":{"self":[{"href":"https:\/\/girovisual.cl\/wp2\/wp-json\/wp\/v2\/posts\/3989","targetHints":{"allow":["GET"]}}],"collection":[{"href":"https:\/\/girovisual.cl\/wp2\/wp-json\/wp\/v2\/posts"}],"about":[{"href":"https:\/\/girovisual.cl\/wp2\/wp-json\/wp\/v2\/types\/post"}],"author":[{"embeddable":true,"href":"https:\/\/girovisual.cl\/wp2\/wp-json\/wp\/v2\/users\/4"}],"replies":[{"embeddable":true,"href":"https:\/\/girovisual.cl\/wp2\/wp-json\/wp\/v2\/comments?post=3989"}],"version-history":[{"count":1,"href":"https:\/\/girovisual.cl\/wp2\/wp-json\/wp\/v2\/posts\/3989\/revisions"}],"predecessor-version":[{"id":3993,"href":"https:\/\/girovisual.cl\/wp2\/wp-json\/wp\/v2\/posts\/3989\/revisions\/3993"}],"wp:featuredmedia":[{"embeddable":true,"href":"https:\/\/girovisual.cl\/wp2\/wp-json\/wp\/v2\/media\/3992"}],"wp:attachment":[{"href":"https:\/\/girovisual.cl\/wp2\/wp-json\/wp\/v2\/media?parent=3989"}],"wp:term":[{"taxonomy":"category","embeddable":true,"href":"https:\/\/girovisual.cl\/wp2\/wp-json\/wp\/v2\/categories?post=3989"},{"taxonomy":"post_tag","embeddable":true,"href":"https:\/\/girovisual.cl\/wp2\/wp-json\/wp\/v2\/tags?post=3989"}],"curies":[{"name":"wp","href":"https:\/\/api.w.org\/{rel}","templated":true}]}}