{"id":3984,"date":"2026-08-31T23:35:24","date_gmt":"2026-09-01T03:35:24","guid":{"rendered":"https:\/\/girovisual.cl\/wp2\/?p=3984"},"modified":"2026-08-31T23:35:35","modified_gmt":"2026-09-01T03:35:35","slug":"comite-de-ministros-ratifica-calificacion-ambiental-favorable-a-proyecto-de-extension-metro-valparaiso","status":"publish","type":"post","link":"https:\/\/girovisual.cl\/wp2\/comite-de-ministros-ratifica-calificacion-ambiental-favorable-a-proyecto-de-extension-metro-valparaiso\/","title":{"rendered":"Comit\u00e9 de ministros ratifica calificaci\u00f3n ambiental favorable a proyecto de extensi\u00f3n metro Valpara\u00edso."},"content":{"rendered":"\n<p class=\"wp-block-paragraph\">El proyecto ferroviario recibi\u00f3 una calificaci\u00f3n ambiental favorable  posteriormente,\u00a0luego que observantes del proceso de participaci\u00f3n ciudadana presentaron dos recursos, que ser\u00e1n abordados en la sesi\u00f3n citada para las 16 horas.<\/p>\n\n\n\n<p class=\"wp-block-paragraph\">El proyecto de EFE considera una\u00a0inversi\u00f3n de $811 millones de d\u00f3lares\u00a0y contempla prolongar en aproximadamente 26 kil\u00f3metros el actual servicio de Metro Valpara\u00edso, incorporando\u00a0cinco nuevas estaciones para conectar las<strong> <\/strong>comunas de Limache, Quillota, La Cruz y La Calera.<\/p>\n\n\n\n<p class=\"wp-block-paragraph\">Adem\u00e1s de las cinco nuevas estaciones, el proyecto contempla obras en las terminales existentes de Limache y La Calera. Cabe recordar que, pese a ya tener una calificaci\u00f3n ambiental favorable en mayo, las condiciones definitivas de esa autorizaci\u00f3n depender\u00e1n de lo que resuelva este lunes el Comit\u00e9 de Ministros.<\/p>\n\n\n\n<p class=\"wp-block-paragraph\"><\/p>\n\n    <div class=\"xs_social_share_widget xs_share_url after_content \t\tmain_content  wslu-style-1 wslu-share-box-shaped wslu-fill-colored wslu-none wslu-share-horizontal wslu-theme-font-no wslu-main_content\">\n\n\t\t\n        <ul>\n\t\t\t        <\/ul>\n    <\/div> \n","protected":false},"excerpt":{"rendered":"<p>El proyecto ferroviario recibi\u00f3 una calificaci\u00f3n ambiental favorable posteriormente,\u00a0luego que observantes del proceso de participaci\u00f3n ciudadana presentaron dos recursos, que ser\u00e1n abordados en la sesi\u00f3n citada para las 16 horas. El proyecto de EFE considera una\u00a0inversi\u00f3n de $811 millones de d\u00f3lares\u00a0y contempla prolongar en aproximadamente 26 kil\u00f3metros el actual servicio de Metro Valpara\u00edso, incorporando\u00a0cinco nuevas [&hellip;]<\/p>\n","protected":false},"author":4,"featured_media":3987,"comment_status":"closed","ping_status":"open","sticky":false,"template":"","format":"standard","meta":{"postBodyCss":"","postBodyMargin":[],"postBodyPadding":[],"postBodyBackground":{"backgroundType":"classic","gradient":""},"footnotes":"","jetpack_publicize_message":"","jetpack_publicize_feature_enabled":true,"jetpack_social_post_already_shared":true,"jetpack_social_options":{"image_generator_settings":{"template":"highway","default_image_id":0,"font":"","enabled":false},"version":2}},"categories":[518,24,5,1683],"tags":[1710,1709,900,128],"class_list":["post-3984","post","type-post","status-publish","format-standard","has-post-thumbnail","hentry","category-destacada","category-girovisual-tv","category-regional","category-transporte","tag-metro-valparaiso","tag-proyecto-efe","tag-quillota","tag-region-de-valparaiso"],"jetpack_publicize_connections":[],"_links":{"self":[{"href":"https:\/\/girovisual.cl\/wp2\/wp-json\/wp\/v2\/posts\/3984","targetHints":{"allow":["GET"]}}],"collection":[{"href":"https:\/\/girovisual.cl\/wp2\/wp-json\/wp\/v2\/posts"}],"about":[{"href":"https:\/\/girovisual.cl\/wp2\/wp-json\/wp\/v2\/types\/post"}],"author":[{"embeddable":true,"href":"https:\/\/girovisual.cl\/wp2\/wp-json\/wp\/v2\/users\/4"}],"replies":[{"embeddable":true,"href":"https:\/\/girovisual.cl\/wp2\/wp-json\/wp\/v2\/comments?post=3984"}],"version-history":[{"count":1,"href":"https:\/\/girovisual.cl\/wp2\/wp-json\/wp\/v2\/posts\/3984\/revisions"}],"predecessor-version":[{"id":3988,"href":"https:\/\/girovisual.cl\/wp2\/wp-json\/wp\/v2\/posts\/3984\/revisions\/3988"}],"wp:featuredmedia":[{"embeddable":true,"href":"https:\/\/girovisual.cl\/wp2\/wp-json\/wp\/v2\/media\/3987"}],"wp:attachment":[{"href":"https:\/\/girovisual.cl\/wp2\/wp-json\/wp\/v2\/media?parent=3984"}],"wp:term":[{"taxonomy":"category","embeddable":true,"href":"https:\/\/girovisual.cl\/wp2\/wp-json\/wp\/v2\/categories?post=3984"},{"taxonomy":"post_tag","embeddable":true,"href":"https:\/\/girovisual.cl\/wp2\/wp-json\/wp\/v2\/tags?post=3984"}],"curies":[{"name":"wp","href":"https:\/\/api.w.org\/{rel}","templated":true}]}}