{"id":3976,"date":"2026-08-31T22:58:04","date_gmt":"2026-09-01T02:58:04","guid":{"rendered":"https:\/\/girovisual.cl\/wp2\/?p=3976"},"modified":"2026-08-31T23:11:29","modified_gmt":"2026-09-01T03:11:29","slug":"golpe-letal-en-la-calera-los-cementeros-caen-ante-la-serena-y-se-hunden-en-el-fondo","status":"publish","type":"post","link":"https:\/\/girovisual.cl\/wp2\/golpe-letal-en-la-calera-los-cementeros-caen-ante-la-serena-y-se-hunden-en-el-fondo\/","title":{"rendered":"Golpe letal en La Calera: Los \u00abCementeros\u00bb caen ante La Serena y se hunden en el fondo."},"content":{"rendered":"\n<p class=\"wp-block-paragraph\">Uni\u00f3n La Calera no logra levantar cabeza y sum\u00f3 una dolorosa derrota como local tras caer por la cuenta m\u00ednima frente a Deportes La Serena. Con este amargo resultado en el \u00abNicol\u00e1s Chahu\u00e1n\u00bb, la escuadra roja acumula ocho partidos consecutivos sin conocer de victorias en la Primera Divisi\u00f3n, manteni\u00e9ndose como el exclusivo colista del torneo nacional con apenas 14 unidades. <\/p>\n\n\n\n<p class=\"wp-block-paragraph\">Vargas destrab\u00f3 el partido<\/p>\n\n\n\n<p class=\"wp-block-paragraph\">El encuentro comenz\u00f3 con un tr\u00e1mite disputado y pocas luces, donde ambos elencos se neutralizaban en la mitad de la cancha. Sin embargo, la paridad se rompi\u00f3 al <strong>minuto 43 del primer tiempo<\/strong>, cuando el volante granate Jeisson<strong> <\/strong>Vargas sac\u00f3 un potente e inatajable zapatazo de larga distancia que bati\u00f3 al guardameta Nicol\u00e1s Avellaneda. <\/p>\n\n\n\n<p class=\"wp-block-paragraph\">En el complemento, el estratega calerano busc\u00f3 variantes ofensivas con el reingreso de Sebasti\u00e1n S\u00e1ez tras su lesi\u00f3n. Pese a la insistencia y a los constantes centros al \u00e1rea rival, el cuadro rojo fue incapaz de vulnerar la s\u00f3lida resistencia defensiva de los dirigidos por Felipe Guti\u00e9rrez. En el tiempo de descuento, una brillante intervenci\u00f3n del portero serenense Jos\u00e9 Tapia evit\u00f3 el empate ag\u00f3nico de los \u00abCementeros\u00bb<\/p>\n\n\n\n<p class=\"wp-block-paragraph\"><\/p>\n\n    <div class=\"xs_social_share_widget xs_share_url after_content \t\tmain_content  wslu-style-1 wslu-share-box-shaped wslu-fill-colored wslu-none wslu-share-horizontal wslu-theme-font-no wslu-main_content\">\n\n\t\t\n        <ul>\n\t\t\t        <\/ul>\n    <\/div> \n","protected":false},"excerpt":{"rendered":"<p>Uni\u00f3n La Calera no logra levantar cabeza y sum\u00f3 una dolorosa derrota como local tras caer por la cuenta m\u00ednima frente a Deportes La Serena. Con este amargo resultado en el \u00abNicol\u00e1s Chahu\u00e1n\u00bb, la escuadra roja acumula ocho partidos consecutivos sin conocer de victorias en la Primera Divisi\u00f3n, manteni\u00e9ndose como el exclusivo colista del torneo [&hellip;]<\/p>\n","protected":false},"author":4,"featured_media":3981,"comment_status":"closed","ping_status":"open","sticky":false,"template":"","format":"standard","meta":{"postBodyCss":"","postBodyMargin":[],"postBodyPadding":[],"postBodyBackground":{"backgroundType":"classic","gradient":""},"footnotes":"","jetpack_publicize_message":"","jetpack_publicize_feature_enabled":true,"jetpack_social_post_already_shared":true,"jetpack_social_options":{"image_generator_settings":{"template":"highway","default_image_id":0,"font":"","enabled":false},"version":2}},"categories":[4,518,24,1,5],"tags":[1708,128,1386],"class_list":["post-3976","post","type-post","status-publish","format-standard","has-post-thumbnail","hentry","category-deportes","category-destacada","category-girovisual-tv","category-otras-noticias","category-regional","tag-colista","tag-region-de-valparaiso","tag-union-la-calera"],"jetpack_publicize_connections":[],"_links":{"self":[{"href":"https:\/\/girovisual.cl\/wp2\/wp-json\/wp\/v2\/posts\/3976","targetHints":{"allow":["GET"]}}],"collection":[{"href":"https:\/\/girovisual.cl\/wp2\/wp-json\/wp\/v2\/posts"}],"about":[{"href":"https:\/\/girovisual.cl\/wp2\/wp-json\/wp\/v2\/types\/post"}],"author":[{"embeddable":true,"href":"https:\/\/girovisual.cl\/wp2\/wp-json\/wp\/v2\/users\/4"}],"replies":[{"embeddable":true,"href":"https:\/\/girovisual.cl\/wp2\/wp-json\/wp\/v2\/comments?post=3976"}],"version-history":[{"count":2,"href":"https:\/\/girovisual.cl\/wp2\/wp-json\/wp\/v2\/posts\/3976\/revisions"}],"predecessor-version":[{"id":3983,"href":"https:\/\/girovisual.cl\/wp2\/wp-json\/wp\/v2\/posts\/3976\/revisions\/3983"}],"wp:featuredmedia":[{"embeddable":true,"href":"https:\/\/girovisual.cl\/wp2\/wp-json\/wp\/v2\/media\/3981"}],"wp:attachment":[{"href":"https:\/\/girovisual.cl\/wp2\/wp-json\/wp\/v2\/media?parent=3976"}],"wp:term":[{"taxonomy":"category","embeddable":true,"href":"https:\/\/girovisual.cl\/wp2\/wp-json\/wp\/v2\/categories?post=3976"},{"taxonomy":"post_tag","embeddable":true,"href":"https:\/\/girovisual.cl\/wp2\/wp-json\/wp\/v2\/tags?post=3976"}],"curies":[{"name":"wp","href":"https:\/\/api.w.org\/{rel}","templated":true}]}}