{"id":3971,"date":"2026-08-31T22:05:35","date_gmt":"2026-09-01T02:05:35","guid":{"rendered":"https:\/\/girovisual.cl\/wp2\/?p=3971"},"modified":"2026-08-31T22:05:44","modified_gmt":"2026-09-01T02:05:44","slug":"core-maria-elena-rubilar-valora-firma-de-convenio-para-implementar-subsidio-de-transporte-rural-en-los-perales-y-colliguay","status":"publish","type":"post","link":"https:\/\/girovisual.cl\/wp2\/core-maria-elena-rubilar-valora-firma-de-convenio-para-implementar-subsidio-de-transporte-rural-en-los-perales-y-colliguay\/","title":{"rendered":"Core Mar\u00eda Elena Rubilar valora firma de convenio para implementar subsidio de transporte rural en Los Perales y Colliguay."},"content":{"rendered":"\n<p class=\"wp-block-paragraph\">CORE Mar\u00eda Elena Rubilar valora firma de convenio para implementar subsidio de transporte rural en Los Perales y Colliguay<\/p>\n\n\n\n<p class=\"wp-block-paragraph\">Hace unos d\u00edas se materializ\u00f3 el convenio<\/p>\n\n\n\n<p class=\"wp-block-paragraph\">&nbsp;entre el Gobierno Regional de Valpara\u00edso y el Ministerio de Transportes, el cual destina m\u00e1s de $3.000 millones para subsidiar 32 nuevas rutas de transporte rural en la regi\u00f3n, recursos que fueron aprobados durante 2025 por el Consejo Regional (CORE).<\/p>\n\n\n\n<p class=\"wp-block-paragraph\">En el caso de la Provincia de Marga Marga, se incorporan dos nuevos recorridos que benefician directamente a los sectores de Los Perales &#8211; Los Colig\u00fces &#8211; La Retuca y Colliguay. Estos servicios contar\u00e1n con tarifas rebajadas para estudiantes y gratuidad para personas mayores y con discapacidad, adem\u00e1s de incorporar veh\u00edculos con mejores est\u00e1ndares de calidad.<\/p>\n\n\n\n<p class=\"wp-block-paragraph\">Al respecto, la consejera regional de la Provincia de Marga Marga, Mar\u00eda Elena Rubilar, destac\u00f3:<\/p>\n\n\n\n<p class=\"wp-block-paragraph\">\u201cHoy vemos c\u00f3mo se avanza en un paso fundamental para materializar estos recorridos que esperamos desde el a\u00f1o pasado. Sabemos que en nuestra provincia existe una profunda ruralidad y el transporte es una preocupaci\u00f3n permanente, sobre todo en tiempos donde hay un alza en el costo de la vida; por eso, esperamos contribuir a mejorar la conectividad de estos sectores y la calidad de vida de nuestros vecinos y vecinas<\/p>\n\n    <div class=\"xs_social_share_widget xs_share_url after_content \t\tmain_content  wslu-style-1 wslu-share-box-shaped wslu-fill-colored wslu-none wslu-share-horizontal wslu-theme-font-no wslu-main_content\">\n\n\t\t\n        <ul>\n\t\t\t        <\/ul>\n    <\/div> \n","protected":false},"excerpt":{"rendered":"<p>CORE Mar\u00eda Elena Rubilar valora firma de convenio para implementar subsidio de transporte rural en Los Perales y Colliguay Hace unos d\u00edas se materializ\u00f3 el convenio &nbsp;entre el Gobierno Regional de Valpara\u00edso y el Ministerio de Transportes, el cual destina m\u00e1s de $3.000 millones para subsidiar 32 nuevas rutas de transporte rural en la regi\u00f3n, [&hellip;]<\/p>\n","protected":false},"author":4,"featured_media":3974,"comment_status":"closed","ping_status":"open","sticky":false,"template":"","format":"standard","meta":{"postBodyCss":"","postBodyMargin":[],"postBodyPadding":[],"postBodyBackground":{"backgroundType":"classic","gradient":""},"footnotes":"","jetpack_publicize_message":"","jetpack_publicize_feature_enabled":true,"jetpack_social_post_already_shared":true,"jetpack_social_options":{"image_generator_settings":{"template":"highway","default_image_id":0,"font":"","enabled":false},"version":2}},"categories":[24,5,1683],"tags":[1706,1707,128],"class_list":["post-3971","post","type-post","status-publish","format-standard","has-post-thumbnail","hentry","category-girovisual-tv","category-regional","category-transporte","tag-bus-rural","tag-ministerio-de-transporte","tag-region-de-valparaiso"],"jetpack_publicize_connections":[],"_links":{"self":[{"href":"https:\/\/girovisual.cl\/wp2\/wp-json\/wp\/v2\/posts\/3971","targetHints":{"allow":["GET"]}}],"collection":[{"href":"https:\/\/girovisual.cl\/wp2\/wp-json\/wp\/v2\/posts"}],"about":[{"href":"https:\/\/girovisual.cl\/wp2\/wp-json\/wp\/v2\/types\/post"}],"author":[{"embeddable":true,"href":"https:\/\/girovisual.cl\/wp2\/wp-json\/wp\/v2\/users\/4"}],"replies":[{"embeddable":true,"href":"https:\/\/girovisual.cl\/wp2\/wp-json\/wp\/v2\/comments?post=3971"}],"version-history":[{"count":1,"href":"https:\/\/girovisual.cl\/wp2\/wp-json\/wp\/v2\/posts\/3971\/revisions"}],"predecessor-version":[{"id":3975,"href":"https:\/\/girovisual.cl\/wp2\/wp-json\/wp\/v2\/posts\/3971\/revisions\/3975"}],"wp:featuredmedia":[{"embeddable":true,"href":"https:\/\/girovisual.cl\/wp2\/wp-json\/wp\/v2\/media\/3974"}],"wp:attachment":[{"href":"https:\/\/girovisual.cl\/wp2\/wp-json\/wp\/v2\/media?parent=3971"}],"wp:term":[{"taxonomy":"category","embeddable":true,"href":"https:\/\/girovisual.cl\/wp2\/wp-json\/wp\/v2\/categories?post=3971"},{"taxonomy":"post_tag","embeddable":true,"href":"https:\/\/girovisual.cl\/wp2\/wp-json\/wp\/v2\/tags?post=3971"}],"curies":[{"name":"wp","href":"https:\/\/api.w.org\/{rel}","templated":true}]}}