{"id":3965,"date":"2026-08-31T19:19:13","date_gmt":"2026-08-31T23:19:13","guid":{"rendered":"https:\/\/girovisual.cl\/wp2\/?p=3965"},"modified":"2026-08-31T19:19:22","modified_gmt":"2026-08-31T23:19:22","slug":"renuncia-el-jefe-del-ejercito-de-ee-uu-tras-choques-con-hegseth","status":"publish","type":"post","link":"https:\/\/girovisual.cl\/wp2\/renuncia-el-jefe-del-ejercito-de-ee-uu-tras-choques-con-hegseth\/","title":{"rendered":"Renuncia el jefe del Ej\u00e9rcito de EE. UU. tras choques con Hegseth"},"content":{"rendered":"\n<p class=\"wp-block-paragraph\">El m\u00e1ximo l\u00edder militar present\u00f3 su dimisi\u00f3n tras una serie de intensas disputas internas con el secretario de Guerra, Pete Hegseth, en el Pent\u00e1gono.<\/p>\n\n\n\n<p class=\"wp-block-paragraph\">Una sacudida de alta magnitud impact\u00f3 al departamento de Defensa estadounidense tras confirmarse la renuncia del jefe del Ej\u00e9rcito de EE. UU. La dimisi\u00f3n se concreta despu\u00e9s de semanas de crecientes desavenencias estrat\u00e9gicas y administrativas con el reci\u00e9n asumido secretario de Guerra, Pete Hegseth.<\/p>\n\n\n\n<p class=\"wp-block-paragraph\">La salida del alto mando militar refleja las profundas fracturas operativas surgidas en el liderazgo del Pent\u00e1gono, en medio de la reestructuraci\u00f3n de mandos impulsada por la administraci\u00f3n de Donald Trump.<\/p>\n\n\n\n<figure class=\"wp-block-image size-large\"><img fetchpriority=\"high\" decoding=\"async\" width=\"1024\" height=\"540\" src=\"https:\/\/girovisual.cl\/wp2\/wp-content\/uploads\/2026\/08\/97e681e9-5d90-4f01-beee-432669c28ef1-1024x540.jpg\" alt=\"\" class=\"wp-image-3969\" srcset=\"https:\/\/girovisual.cl\/wp2\/wp-content\/uploads\/2026\/08\/97e681e9-5d90-4f01-beee-432669c28ef1-1024x540.jpg 1024w, https:\/\/girovisual.cl\/wp2\/wp-content\/uploads\/2026\/08\/97e681e9-5d90-4f01-beee-432669c28ef1-300x158.jpg 300w, https:\/\/girovisual.cl\/wp2\/wp-content\/uploads\/2026\/08\/97e681e9-5d90-4f01-beee-432669c28ef1-768x405.jpg 768w, https:\/\/girovisual.cl\/wp2\/wp-content\/uploads\/2026\/08\/97e681e9-5d90-4f01-beee-432669c28ef1.jpg 1200w\" sizes=\"(max-width: 1024px) 100vw, 1024px\" \/><\/figure>\n\n\n\n<h2 class=\"wp-block-heading\">Escalada de tensiones y diferencias estrat\u00e9gicas<\/h2>\n\n\n\n<p class=\"wp-block-paragraph\">Seg\u00fan fuentes cercanas al estamento castrense, las fricciones entre la jefatura del Ej\u00e9rcito y la oficina del secretario Hegseth alcanzaron un punto de retorno insostenible debido a discrepancias sobre la l\u00ednea de mando y las decisiones de personal:<\/p>\n\n\n\n<ul class=\"wp-block-list\">\n<li><strong>Gesti\u00f3n de mandos:<\/strong> Choques constantes respecto a los ascensos, nombramientos clave y reasignaciones dentro de las tropas.<\/li>\n\n\n\n<li><strong>Orientaci\u00f3n institucional:<\/strong> Fuerte choque entre la doctrina militar tradicional y las nuevas directrices pol\u00edticas ejecutadas por la cartera de Defensa.<\/li>\n\n\n\n<li><strong>Autonom\u00eda operativa:<\/strong> Incomodidad en la alta oficialidad ante lo que percibieron como una injerencia directa en la conducci\u00f3n t\u00e9cnica de las fuerzas armadas.<\/li>\n<\/ul>\n\n\n\n<h2 class=\"wp-block-heading\">Reorganizaci\u00f3n urgente en el Pent\u00e1gono<\/h2>\n\n\n\n<p class=\"wp-block-paragraph\">La renuncia deja vacante uno de los puestos de mayor jerarqu\u00eda operativa en las fuerzas armadas norteamericanas, forzando a la Casa Blanca a tramitar un reemplazo de emergencia que deba ser ratificado en el Senado.<\/p>\n\n\n\n<p class=\"wp-block-paragraph\">El retiro del alto oficial reaviva el debate en Washington sobre la estabilidad de la cadena de mando y el impacto de las reformas internas en la preparaci\u00f3n estrat\u00e9gica militar del pa\u00eds.<\/p>\n\n    <div class=\"xs_social_share_widget xs_share_url after_content \t\tmain_content  wslu-style-1 wslu-share-box-shaped wslu-fill-colored wslu-none wslu-share-horizontal wslu-theme-font-no wslu-main_content\">\n\n\t\t\n        <ul>\n\t\t\t        <\/ul>\n    <\/div> \n","protected":false},"excerpt":{"rendered":"<p>El m\u00e1ximo l\u00edder militar present\u00f3 su dimisi\u00f3n tras una serie de intensas disputas internas con el secretario de Guerra, Pete Hegseth, en el Pent\u00e1gono. Una sacudida de alta magnitud impact\u00f3 al departamento de Defensa estadounidense tras confirmarse la renuncia del jefe del Ej\u00e9rcito de EE. UU. La dimisi\u00f3n se concreta despu\u00e9s de semanas de crecientes [&hellip;]<\/p>\n","protected":false},"author":1,"featured_media":3968,"comment_status":"closed","ping_status":"open","sticky":false,"template":"","format":"standard","meta":{"postBodyCss":"","postBodyMargin":[],"postBodyPadding":[],"postBodyBackground":{"backgroundType":"classic","gradient":""},"footnotes":"","jetpack_publicize_message":"","jetpack_publicize_feature_enabled":true,"jetpack_social_post_already_shared":true,"jetpack_social_options":{"image_generator_settings":{"template":"highway","default_image_id":0,"font":"","enabled":false},"version":2}},"categories":[518,100,517],"tags":[604,1704,1705,776],"class_list":["post-3965","post","type-post","status-publish","format-standard","has-post-thumbnail","hentry","category-destacada","category-internacional","category-portada","tag-donald-trump","tag-ejercito-ee-uu","tag-pentagono","tag-pete-hegseth"],"jetpack_publicize_connections":[],"_links":{"self":[{"href":"https:\/\/girovisual.cl\/wp2\/wp-json\/wp\/v2\/posts\/3965","targetHints":{"allow":["GET"]}}],"collection":[{"href":"https:\/\/girovisual.cl\/wp2\/wp-json\/wp\/v2\/posts"}],"about":[{"href":"https:\/\/girovisual.cl\/wp2\/wp-json\/wp\/v2\/types\/post"}],"author":[{"embeddable":true,"href":"https:\/\/girovisual.cl\/wp2\/wp-json\/wp\/v2\/users\/1"}],"replies":[{"embeddable":true,"href":"https:\/\/girovisual.cl\/wp2\/wp-json\/wp\/v2\/comments?post=3965"}],"version-history":[{"count":1,"href":"https:\/\/girovisual.cl\/wp2\/wp-json\/wp\/v2\/posts\/3965\/revisions"}],"predecessor-version":[{"id":3970,"href":"https:\/\/girovisual.cl\/wp2\/wp-json\/wp\/v2\/posts\/3965\/revisions\/3970"}],"wp:featuredmedia":[{"embeddable":true,"href":"https:\/\/girovisual.cl\/wp2\/wp-json\/wp\/v2\/media\/3968"}],"wp:attachment":[{"href":"https:\/\/girovisual.cl\/wp2\/wp-json\/wp\/v2\/media?parent=3965"}],"wp:term":[{"taxonomy":"category","embeddable":true,"href":"https:\/\/girovisual.cl\/wp2\/wp-json\/wp\/v2\/categories?post=3965"},{"taxonomy":"post_tag","embeddable":true,"href":"https:\/\/girovisual.cl\/wp2\/wp-json\/wp\/v2\/tags?post=3965"}],"curies":[{"name":"wp","href":"https:\/\/api.w.org\/{rel}","templated":true}]}}