{"id":3923,"date":"2026-08-31T14:21:23","date_gmt":"2026-08-31T18:21:23","guid":{"rendered":"https:\/\/girovisual.cl\/wp2\/?p=3923"},"modified":"2026-08-31T14:25:14","modified_gmt":"2026-08-31T18:25:14","slug":"padre-de-menor-intoxicado-con-cocaina-en-vina-del-mar-queda-en-prision-preventiva-por-el-delito-de-parricidio-frustrado","status":"publish","type":"post","link":"https:\/\/girovisual.cl\/wp2\/padre-de-menor-intoxicado-con-cocaina-en-vina-del-mar-queda-en-prision-preventiva-por-el-delito-de-parricidio-frustrado\/","title":{"rendered":"Padre de menor intoxicado con cocaina en Vi\u00f1a del Mar queda en prision preventiva por el delito de parricidio frustrado."},"content":{"rendered":"\n<p class=\"wp-block-paragraph\">El Juzgado de Garant\u00eda de Vi\u00f1a del Mar orden\u00f3 la prisi\u00f3n preventiva a P.E.O.I., imputado en calidad de autor del delito frustrado de parricidio, en perjuicio de su hijo de cinco a\u00f1os de edad, cometido el pasado jueves 27 de agosto.<br><br>Tras la audiencia de formalizaci\u00f3n, la magistrada Eliana Uribe consider\u00f3 en base a los antecedentes que se expusieron en la sala, que la libertad del imputado es peligrosa para la seguridad de la sociedad y de la v\u00edctima. La jueza estim\u00f3 que en esta etapa del proceso se puede presumir de forma fundada la existencia del delito y la participaci\u00f3n del imputado en los hechos de la causa, adem\u00e1s de la necesidad de cautela por la alta pena asignada al delito.<br><br>El imputado ingresa a cumplir la medida cautelar al Complejo Penitenciario Valpara\u00edso y fue fijado el plazo de investigaci\u00f3n en 60 d\u00edas. Finalmente, el tribunal orden\u00f3 oficiar al Juzgado de Familia de Vi\u00f1a del Mar para evaluar una eventual vulneraci\u00f3n de derechos del ni\u00f1o.<\/p>\n\n    <div class=\"xs_social_share_widget xs_share_url after_content \t\tmain_content  wslu-style-1 wslu-share-box-shaped wslu-fill-colored wslu-none wslu-share-horizontal wslu-theme-font-no wslu-main_content\">\n\n\t\t\n        <ul>\n\t\t\t        <\/ul>\n    <\/div> \n","protected":false},"excerpt":{"rendered":"<p>El Juzgado de Garant\u00eda de Vi\u00f1a del Mar orden\u00f3 la prisi\u00f3n preventiva a P.E.O.I., imputado en calidad de autor del delito frustrado de parricidio, en perjuicio de su hijo de cinco a\u00f1os de edad, cometido el pasado jueves 27 de agosto. Tras la audiencia de formalizaci\u00f3n, la magistrada Eliana Uribe consider\u00f3 en base a los [&hellip;]<\/p>\n","protected":false},"author":5,"featured_media":3922,"comment_status":"closed","ping_status":"open","sticky":false,"template":"","format":"standard","meta":{"postBodyCss":"","postBodyMargin":[],"postBodyPadding":[],"postBodyBackground":{"backgroundType":"classic","gradient":""},"footnotes":"","jetpack_publicize_message":"","jetpack_publicize_feature_enabled":true,"jetpack_social_post_already_shared":false,"jetpack_social_options":{"image_generator_settings":{"template":"highway","default_image_id":0,"font":"","enabled":false},"version":2}},"categories":[518,1,1142,259,517],"tags":[251,1662,262,1690],"class_list":["post-3923","post","type-post","status-publish","format-standard","has-post-thumbnail","hentry","category-destacada","category-otras-noticias","category-poder-judicial","category-policial","category-portada","tag-actualidad","tag-menor-intoxicado","tag-policial","tag-vinadel-mar"],"jetpack_publicize_connections":[],"_links":{"self":[{"href":"https:\/\/girovisual.cl\/wp2\/wp-json\/wp\/v2\/posts\/3923","targetHints":{"allow":["GET"]}}],"collection":[{"href":"https:\/\/girovisual.cl\/wp2\/wp-json\/wp\/v2\/posts"}],"about":[{"href":"https:\/\/girovisual.cl\/wp2\/wp-json\/wp\/v2\/types\/post"}],"author":[{"embeddable":true,"href":"https:\/\/girovisual.cl\/wp2\/wp-json\/wp\/v2\/users\/5"}],"replies":[{"embeddable":true,"href":"https:\/\/girovisual.cl\/wp2\/wp-json\/wp\/v2\/comments?post=3923"}],"version-history":[{"count":0,"href":"https:\/\/girovisual.cl\/wp2\/wp-json\/wp\/v2\/posts\/3923\/revisions"}],"wp:featuredmedia":[{"embeddable":true,"href":"https:\/\/girovisual.cl\/wp2\/wp-json\/wp\/v2\/media\/3922"}],"wp:attachment":[{"href":"https:\/\/girovisual.cl\/wp2\/wp-json\/wp\/v2\/media?parent=3923"}],"wp:term":[{"taxonomy":"category","embeddable":true,"href":"https:\/\/girovisual.cl\/wp2\/wp-json\/wp\/v2\/categories?post=3923"},{"taxonomy":"post_tag","embeddable":true,"href":"https:\/\/girovisual.cl\/wp2\/wp-json\/wp\/v2\/tags?post=3923"}],"curies":[{"name":"wp","href":"https:\/\/api.w.org\/{rel}","templated":true}]}}