{"id":3907,"date":"2026-08-31T14:02:22","date_gmt":"2026-08-31T18:02:22","guid":{"rendered":"https:\/\/girovisual.cl\/wp2\/?p=3907"},"modified":"2026-08-31T14:47:17","modified_gmt":"2026-08-31T18:47:17","slug":"delegado-millones-destaco-anuncio-de-ministra-de-salud-de-futuro-macrocentro-del-cancer-para-la-region-de-valparaiso","status":"publish","type":"post","link":"https:\/\/girovisual.cl\/wp2\/delegado-millones-destaco-anuncio-de-ministra-de-salud-de-futuro-macrocentro-del-cancer-para-la-region-de-valparaiso\/","title":{"rendered":"Delegado Millones destac\u00f3 anuncio de ministra de Salud de futuro macrocentro del c\u00e1ncer para la Regi\u00f3n de Valpara\u00edso"},"content":{"rendered":"\n<p class=\"wp-block-paragraph\">El Delegado Presidencial Regional de Valpara\u00edso, Manuel Millones, celebr\u00f3 el anuncio realizado por la ministra de Salud, May Chomali, respecto a la futura construcci\u00f3n de un Macrocentro del C\u00e1ncer en la Regi\u00f3n de Valpara\u00edso. \u201cEs una gran noticia el anuncio que ha hecho nuestra ministra de Salud y nuestro subsecretario en orden a que la regi\u00f3n de Valpara\u00edso sea una prioridad para instalar el Macrocentro del C\u00e1ncer. \u00abTantos a\u00f1os de tramitaciones, burocracia, indolencia y promesas incumplidas, pero hoy este sue\u00f1o es una realidad. Nosotros hicimos todos los esfuerzos para que fuera incorporado en la ley de c\u00e1ncer y en el reglamento, y as\u00ed qued\u00f3 finalmente. As\u00ed que contento porque ahora al fin se concreta y ser\u00e1 nuestro gran legado como Gobierno\u201d.\n<br>\n<br>\u201cEl c\u00e1ncer es el gran dolor de Chile \u2013 continu\u00f3 la autoridad presidencial &#8211; y hoy vemos con esperanza este anuncio. Los estudios de prefactibilidad realizados por el servicio dan cuenta de una inversi\u00f3n que se requiere de m\u00e1s de 216 mil millones de pesos, 8 aceleradores lineales y m\u00e1s de 45 sillones de quimioterapia. Es evidente que esto es una necesidad, dado que hoy, el servicio de oncolog\u00eda solo tiene dos equipos de acelerador lineal y uno con la vida \u00fatil vencida\u201d.\n<br>\n<br>Misma alegr\u00eda evidenciada por Ignacio de la Torre, presidente del Colegio M\u00e9dico de la Regi\u00f3n de Valpara\u00edso, quien destac\u00f3 que \u201ces una excelente noticia para la red de salud de la regi\u00f3n saber que vamos a ser priorizados, tal como lo establec\u00eda la Ley Nacional del C\u00e1ncer, con un centro oncol\u00f3gico regional. El c\u00e1ncer es una de las patolog\u00edas que m\u00e1s amenaza la salud y m\u00e1s ocupa la salud de las personas y hoy, nuestra red de salud es insuficiente para hacerse cargo de todos los casos nuevos que existen y las proyecciones que al 2035, 2050 vamos a tener\u201d.\n<br>\n<br>El representante del Colmed continu\u00f3 se\u00f1alando que \u201ces una de las noticias m\u00e1s relevantes en t\u00e9rminos de salud, saber que vamos a poder contar con un centro especializado para la atenci\u00f3n del c\u00e1ncer y que ese centro especializado no solo va a poder generar atenciones de salud, sino que tambi\u00e9n, debido a su especialidad, va a poder generar formaci\u00f3n de talento avanzado, capacitaciones, subespecialidades, investigaci\u00f3n cl\u00ednica y, por supuesto, establecer modelos de atenci\u00f3n que est\u00e9n siempre centrados en el bienestar del paciente. Es una excelente noticia que tenemos que celebrar y, por supuesto, como toda buena noticia, empezar a darle seguimiento y continuidad para que se transforme y se concrete en una realidad lo antes posible\u201d.\n<br>\n<br>\n<br>Por su parte, el Jefe del Servicio de Oncologia del Hospital Carlos Van Buren de Valpara\u00edso, doctor Jos\u00e9 Sol\u00eds, manifest\u00f3 que \u201cen Chile, el c\u00e1ncer constituye una de las principales causas de muerte. Cada a\u00f1o se diagnostican m\u00e1s de 60.000 nuevos casos y m\u00e1s de 31.000 personas fallecen por esta enfermedad. Esto significa, aproximadamente, un nuevo diagn\u00f3stico de c\u00e1ncer cada 9 minutos y una muerte por c\u00e1ncer cada 17 minutos. Frente a esta realidad, necesitamos fortalecer nuestra capacidad de respuesta. El Macrocentro permitir\u00e1 desarrollar y concentrar tratamientos oncol\u00f3gicos de alta complejidad, incorporando tecnolog\u00eda, especialistas y atenci\u00f3n multidisciplinaria, fortaleciendo la capacidad resolutiva de nuestra red p\u00fablica\u201d.\n<br>\n<br>\u201cPero este proyecto tiene adem\u00e1s, un objetivo fundamental: disminuir las inequidades en salud. El lugar donde una persona vive no puede determinar la oportunidad ni el nivel de complejidad del tratamiento que recibe. Contar con un centro de estas caracter\u00edsticas permitir\u00e1 tambi\u00e9n fortalecer la red oncol\u00f3gica regional y contribuir a disminuir las listas de espera, entregando diagn\u00f3sticos y tratamientos de manera m\u00e1s oportuna. Este proyecto est\u00e1 plenamente alineado con los objetivos de la Ley Nacional del C\u00e1ncer y el fortalecimiento de la Red Oncol\u00f3gica Nacional. Como Regi\u00f3n de Valpara\u00edso, tenemos la responsabilidad de avanzar hacia una atenci\u00f3n oncol\u00f3gica m\u00e1s oportuna, equitativa y de alta complejidad, poniendo siempre en el centro a nuestros pacientes. Porque frente al c\u00e1ncer, el tiempo importa. Y el acceso oportuno a un tratamiento de calidad no puede depender del lugar donde una persona vive\u201d, recalc\u00f3 Sol\u00eds.\n<br>\n<br>\n<br>\n<br>\n<br><\/p>\n\n    <div class=\"xs_social_share_widget xs_share_url after_content \t\tmain_content  wslu-style-1 wslu-share-box-shaped wslu-fill-colored wslu-none wslu-share-horizontal wslu-theme-font-no wslu-main_content\">\n\n\t\t\n        <ul>\n\t\t\t        <\/ul>\n    <\/div> \n","protected":false},"excerpt":{"rendered":"<p>El Delegado Presidencial Regional de Valpara\u00edso, Manuel Millones, celebr\u00f3 el anuncio realizado por la ministra de Salud, May Chomali, respecto a la futura construcci\u00f3n de un Macrocentro del C\u00e1ncer en la Regi\u00f3n de Valpara\u00edso. \u201cEs una gran noticia el anuncio que ha hecho nuestra ministra de Salud y nuestro subsecretario en orden a que la [&hellip;]<\/p>\n","protected":false},"author":5,"featured_media":3906,"comment_status":"closed","ping_status":"open","sticky":false,"template":"","format":"standard","meta":{"postBodyCss":"","postBodyMargin":[],"postBodyPadding":[],"postBodyBackground":{"backgroundType":"classic","gradient":""},"footnotes":"","jetpack_publicize_message":"","jetpack_publicize_feature_enabled":true,"jetpack_social_post_already_shared":false,"jetpack_social_options":{"image_generator_settings":{"template":"highway","default_image_id":0,"font":"","enabled":false},"version":2}},"categories":[518,7,5,1009],"tags":[1685,1684,128,195],"class_list":["post-3907","post","type-post","status-publish","format-standard","has-post-thumbnail","hentry","category-destacada","category-nacional","category-regional","category-salud","tag-anuncios","tag-macrocentro","tag-region-de-valparaiso","tag-salud-publica"],"jetpack_publicize_connections":[],"_links":{"self":[{"href":"https:\/\/girovisual.cl\/wp2\/wp-json\/wp\/v2\/posts\/3907","targetHints":{"allow":["GET"]}}],"collection":[{"href":"https:\/\/girovisual.cl\/wp2\/wp-json\/wp\/v2\/posts"}],"about":[{"href":"https:\/\/girovisual.cl\/wp2\/wp-json\/wp\/v2\/types\/post"}],"author":[{"embeddable":true,"href":"https:\/\/girovisual.cl\/wp2\/wp-json\/wp\/v2\/users\/5"}],"replies":[{"embeddable":true,"href":"https:\/\/girovisual.cl\/wp2\/wp-json\/wp\/v2\/comments?post=3907"}],"version-history":[{"count":0,"href":"https:\/\/girovisual.cl\/wp2\/wp-json\/wp\/v2\/posts\/3907\/revisions"}],"wp:featuredmedia":[{"embeddable":true,"href":"https:\/\/girovisual.cl\/wp2\/wp-json\/wp\/v2\/media\/3906"}],"wp:attachment":[{"href":"https:\/\/girovisual.cl\/wp2\/wp-json\/wp\/v2\/media?parent=3907"}],"wp:term":[{"taxonomy":"category","embeddable":true,"href":"https:\/\/girovisual.cl\/wp2\/wp-json\/wp\/v2\/categories?post=3907"},{"taxonomy":"post_tag","embeddable":true,"href":"https:\/\/girovisual.cl\/wp2\/wp-json\/wp\/v2\/tags?post=3907"}],"curies":[{"name":"wp","href":"https:\/\/api.w.org\/{rel}","templated":true}]}}