{"id":3903,"date":"2026-08-31T13:38:31","date_gmt":"2026-08-31T17:38:31","guid":{"rendered":"https:\/\/girovisual.cl\/wp2\/?p=3903"},"modified":"2026-08-31T13:40:25","modified_gmt":"2026-08-31T17:40:25","slug":"hospital-provincial-marga-marga-y-conectividad-comunidad-de-limache-conocio-avances-y-futura-linea-25","status":"publish","type":"post","link":"https:\/\/girovisual.cl\/wp2\/hospital-provincial-marga-marga-y-conectividad-comunidad-de-limache-conocio-avances-y-futura-linea-25\/","title":{"rendered":"Hospital Provincial Marga Marga y conectividad: comunidad de Limache conoci\u00f3 avances y futura L\u00ednea 25."},"content":{"rendered":"\n<p class=\"wp-block-paragraph\">La pr\u00f3xima apertura del Hospital Provincial Marga Marga implicar\u00e1 importantes cambios para los habitantes de las comunas de Limache y Olmu\u00e9, cuyos usuarios ser\u00e1n parte de la poblaci\u00f3n beneficiaria del nuevo establecimiento de salud de alta complejidad de la Provincia de Marga Marga. Con el prop\u00f3sito de informar y preparar a la comunidad frente a este proceso, la Municipalidad de Limache, en coordinaci\u00f3n con el \u00e1rea de Participaci\u00f3n del Servicio de Salud Vi\u00f1a del Mar Quillota Petorca y el Hospital de Quilpu\u00e9, realiz\u00f3 un conversatorio con vecinos y dirigentes de la comuna.<\/p>\n\n\n\n<p class=\"wp-block-paragraph\">La actividad reuni\u00f3 a alrededor de 40 representantes de organizaciones sociales, deportivas y comunitarias, quienes pudieron conocer de primera fuente el estado de avance del proyecto hospitalario, sus pr\u00f3ximas etapas y las condiciones en que se producir\u00e1 la atenci\u00f3n de usuarios provenientes de Limache y Olmu\u00e9.<\/p>\n\n\n\n<p class=\"wp-block-paragraph\">Durante el encuentro, el director del Hospital de Quilpu\u00e9, Jimmy Walker Vergara, present\u00f3 los avances del proceso de habilitaci\u00f3n del Hospital Provincial Marga Marga, etapa que actualmente se encuentra en desarrollo y que constituye la \u00faltima fase antes del inicio de su operaci\u00f3n. Asimismo, explic\u00f3 la cartera de prestaciones con la que comenzar\u00e1 a funcionar el nuevo establecimiento y c\u00f3mo se proyecta la atenci\u00f3n de los usuarios de las comunas de Limache y Olmu\u00e9, particularmente en consultas, controles y procedimientos.<\/p>\n\n\n\n<p class=\"wp-block-paragraph\">La presentaci\u00f3n permiti\u00f3 adem\u00e1s abordar las principales dudas de la comunidad respecto de la transici\u00f3n desde el Hospital Biprovincial Quillota-Petorca hacia el nuevo hospital provincial, considerando que, con la entrada en funcionamiento del HPMM, los habitantes de Limache y Olmu\u00e9 pasar\u00e1n a contar con este establecimiento como su hospital de referencia de alta complejidad, de acuerdo con la organizaci\u00f3n de la red asistencial.<\/p>\n\n\n\n<p class=\"wp-block-paragraph\">El alcalde de Limache, Luciano Valenzuela, destac\u00f3 la importancia de generar estos espacios de informaci\u00f3n directa con la comunidad. \u201cLa posibilidad que nos da el d\u00eda de hoy el Servicio de poder bajar toda la informaci\u00f3n que tenemos del hospital a la comunidad es clave. Este es un hospital que tiene un servicio provincial, por lo tanto, la comuna de Limache va a utilizar el hospital, va a ser parte de lo que se va a realizar ah\u00ed y debe conocer c\u00f3mo funciona y tambi\u00e9n el proceso\u201d.<\/p>\n\n\n\n<p class=\"wp-block-paragraph\">El jefe comunal agreg\u00f3 que el involucramiento de las organizaciones sociales ser\u00e1 fundamental durante la etapa que viene, especialmente para facilitar la implementaci\u00f3n de los distintos procesos asociados a la puesta en marcha del establecimiento.<\/p>\n\n\n\n<p class=\"wp-block-paragraph\">Nueva conexi\u00f3n de transporte <br>Uno de los principales temas abordados durante el conversatorio fue la conectividad entre las comunas de Limache y Olmu\u00e9 y el nuevo Hospital Provincial Marga Marga.<br>En este contexto, el seremi de Transportes y Telecomunicaciones, Mat\u00edas Valenzuela Saavedra, present\u00f3 el diagn\u00f3stico del actual sistema de transporte y dio a conocer los alcances del proyectado servicio L\u00ednea 25, que permitir\u00e1 establecer una conexi\u00f3n directa entre Olmu\u00e9, Limache y el Hospital Provincial Marga Marga -v\u00eda Trocal Sur- para posteriormente continuar hacia Villa Alemana y Quilpu\u00e9 y realizar su recorrido de retorno.<\/p>\n\n\n\n<p class=\"wp-block-paragraph\">El nuevo servicio busca ampliar las alternativas de acceso al establecimiento de salud y contempla una definici\u00f3n de frecuencias y horarios que ser\u00e1n ajustados a las necesidades de los usuarios y tambi\u00e9n de los funcionarios que se trasladar\u00e1n hacia el hospital.<\/p>\n\n\n\n<p class=\"wp-block-paragraph\"><\/p>\n\n    <div class=\"xs_social_share_widget xs_share_url after_content \t\tmain_content  wslu-style-1 wslu-share-box-shaped wslu-fill-colored wslu-none wslu-share-horizontal wslu-theme-font-no wslu-main_content\">\n\n\t\t\n        <ul>\n\t\t\t        <\/ul>\n    <\/div> \n","protected":false},"excerpt":{"rendered":"<p>La pr\u00f3xima apertura del Hospital Provincial Marga Marga implicar\u00e1 importantes cambios para los habitantes de las comunas de Limache y Olmu\u00e9, cuyos usuarios ser\u00e1n parte de la poblaci\u00f3n beneficiaria del nuevo establecimiento de salud de alta complejidad de la Provincia de Marga Marga. Con el prop\u00f3sito de informar y preparar a la comunidad frente a [&hellip;]<\/p>\n","protected":false},"author":5,"featured_media":3902,"comment_status":"closed","ping_status":"open","sticky":false,"template":"","format":"standard","meta":{"postBodyCss":"","postBodyMargin":[],"postBodyPadding":[],"postBodyBackground":{"backgroundType":"classic","gradient":""},"footnotes":"","jetpack_publicize_message":"","jetpack_publicize_feature_enabled":true,"jetpack_social_post_already_shared":false,"jetpack_social_options":{"image_generator_settings":{"template":"highway","default_image_id":0,"font":"","enabled":false},"version":2}},"categories":[1,5,1009,1683],"tags":[1522,903,1534],"class_list":["post-3903","post","type-post","status-publish","format-standard","has-post-thumbnail","hentry","category-otras-noticias","category-regional","category-salud","category-transporte","tag-hospital-marga-marga","tag-limache","tag-transporte"],"jetpack_publicize_connections":[],"_links":{"self":[{"href":"https:\/\/girovisual.cl\/wp2\/wp-json\/wp\/v2\/posts\/3903","targetHints":{"allow":["GET"]}}],"collection":[{"href":"https:\/\/girovisual.cl\/wp2\/wp-json\/wp\/v2\/posts"}],"about":[{"href":"https:\/\/girovisual.cl\/wp2\/wp-json\/wp\/v2\/types\/post"}],"author":[{"embeddable":true,"href":"https:\/\/girovisual.cl\/wp2\/wp-json\/wp\/v2\/users\/5"}],"replies":[{"embeddable":true,"href":"https:\/\/girovisual.cl\/wp2\/wp-json\/wp\/v2\/comments?post=3903"}],"version-history":[{"count":0,"href":"https:\/\/girovisual.cl\/wp2\/wp-json\/wp\/v2\/posts\/3903\/revisions"}],"wp:featuredmedia":[{"embeddable":true,"href":"https:\/\/girovisual.cl\/wp2\/wp-json\/wp\/v2\/media\/3902"}],"wp:attachment":[{"href":"https:\/\/girovisual.cl\/wp2\/wp-json\/wp\/v2\/media?parent=3903"}],"wp:term":[{"taxonomy":"category","embeddable":true,"href":"https:\/\/girovisual.cl\/wp2\/wp-json\/wp\/v2\/categories?post=3903"},{"taxonomy":"post_tag","embeddable":true,"href":"https:\/\/girovisual.cl\/wp2\/wp-json\/wp\/v2\/tags?post=3903"}],"curies":[{"name":"wp","href":"https:\/\/api.w.org\/{rel}","templated":true}]}}