{"id":3898,"date":"2026-08-31T14:19:12","date_gmt":"2026-08-31T18:19:12","guid":{"rendered":"https:\/\/girovisual.cl\/wp2\/?p=3898"},"modified":"2026-08-31T14:48:06","modified_gmt":"2026-08-31T18:48:06","slug":"messi-anuncia-su-retiro-de-la-seleccion-argentina-de-futbol","status":"publish","type":"post","link":"https:\/\/girovisual.cl\/wp2\/messi-anuncia-su-retiro-de-la-seleccion-argentina-de-futbol\/","title":{"rendered":"Messi anuncia su retiro de la Selecci\u00f3n Argentina de F\u00fatbol."},"content":{"rendered":"\n<p class=\"wp-block-paragraph\">El astro Lionel Messi anunci\u00f3 este lunes su retiro de la selecci\u00f3n de Argentina, casi un mes y medio despu\u00e9s de haber perdido la final del Mundial de 2026 ante Espa\u00f1a en un derrotero de dos d\u00e9cadas en el que toc\u00f3 la cima en Catar 2022.<\/p>\n\n\n\n<p class=\"wp-block-paragraph\">El fin de la carrera internacional del crack, de 39 a\u00f1os, tiene lugar a tres semanas de la muerte de Jorge Messi, padre, representante y pieza angular en la carrera del ahora excapit\u00e1n de la Albiceleste.<\/p>\n\n\n\n<p class=\"wp-block-paragraph\">Con un \u00abgracias Dios por hacerme argentino\u00bb, Messi anunci\u00f3 su retiro de la Albiceleste en una emotiva carta de pu\u00f1o y letra fotografiada y publicada en su cuenta de Instagram.<\/p>\n\n\n\n<p class=\"wp-block-paragraph\">\u00abFue una decisi\u00f3n que doli\u00f3 y duele en el alma pero entiendo que es el momento. Les juro que siempre dej\u00e9 todo, no solo los \u00faltimos a\u00f1os que se gan\u00f3 todo antes tambi\u00e9n y siempre pele\u00e9 y me dej\u00e9 todo por esta camiseta\u00bb, escribi\u00f3.<\/p>\n\n\n\n<p class=\"wp-block-paragraph\">El Diez pone fin de esta manera a 21 a\u00f1os de representar a su pa\u00eds, con el que gan\u00f3 el Mundial de Catar 2022, las Copas Am\u00e9rica de 2021 y 2024, as\u00ed como la Finalissima de 2022.<\/p>\n\n\n\n<p class=\"wp-block-paragraph\">En total jug\u00f3 por el combinado nacional en 207 partidos y marc\u00f3 125 goles, que lo convirtieron en el goleador hist\u00f3rico del equipo alguna vez defendido por Diego Armando Maradona.<\/p>\n\n\n\n<p class=\"wp-block-paragraph\">\u00abQueda poco y se van cerrando etapas y esta es una que me duele mucho. Amo, am\u00e9 y amar\u00e9 siempre estar en la Selecci\u00f3n. Me vaci\u00e9, ya no tengo m\u00e1s para dar y aparte vienen chicos muy grandes atr\u00e1s que merecen estar\u00bb, sostuvo Messi.<\/p>\n\n\n\n<h2 class=\"wp-block-heading\">&#8211; Adi\u00f3s agridulce &#8211;<\/h2>\n\n    <div class=\"xs_social_share_widget xs_share_url after_content \t\tmain_content  wslu-style-1 wslu-share-box-shaped wslu-fill-colored wslu-none wslu-share-horizontal wslu-theme-font-no wslu-main_content\">\n\n\t\t\n        <ul>\n\t\t\t        <\/ul>\n    <\/div> \n","protected":false},"excerpt":{"rendered":"<p>El astro Lionel Messi anunci\u00f3 este lunes su retiro de la selecci\u00f3n de Argentina, casi un mes y medio despu\u00e9s de haber perdido la final del Mundial de 2026 ante Espa\u00f1a en un derrotero de dos d\u00e9cadas en el que toc\u00f3 la cima en Catar 2022. El fin de la carrera internacional del crack, de [&hellip;]<\/p>\n","protected":false},"author":4,"featured_media":3912,"comment_status":"closed","ping_status":"open","sticky":false,"template":"","format":"standard","meta":{"postBodyCss":"","postBodyMargin":[],"postBodyPadding":[],"postBodyBackground":{"backgroundType":"classic","gradient":""},"footnotes":"","jetpack_publicize_message":"","jetpack_publicize_feature_enabled":true,"jetpack_social_post_already_shared":false,"jetpack_social_options":{"image_generator_settings":{"template":"highway","default_image_id":0,"font":"","enabled":false},"version":2}},"categories":[4,24,100,517],"tags":[1686,1688],"class_list":["post-3898","post","type-post","status-publish","format-standard","has-post-thumbnail","hentry","category-deportes","category-girovisual-tv","category-internacional","category-portada","tag-messi","tag-seleccion-argentina"],"jetpack_publicize_connections":[],"_links":{"self":[{"href":"https:\/\/girovisual.cl\/wp2\/wp-json\/wp\/v2\/posts\/3898","targetHints":{"allow":["GET"]}}],"collection":[{"href":"https:\/\/girovisual.cl\/wp2\/wp-json\/wp\/v2\/posts"}],"about":[{"href":"https:\/\/girovisual.cl\/wp2\/wp-json\/wp\/v2\/types\/post"}],"author":[{"embeddable":true,"href":"https:\/\/girovisual.cl\/wp2\/wp-json\/wp\/v2\/users\/4"}],"replies":[{"embeddable":true,"href":"https:\/\/girovisual.cl\/wp2\/wp-json\/wp\/v2\/comments?post=3898"}],"version-history":[{"count":0,"href":"https:\/\/girovisual.cl\/wp2\/wp-json\/wp\/v2\/posts\/3898\/revisions"}],"wp:featuredmedia":[{"embeddable":true,"href":"https:\/\/girovisual.cl\/wp2\/wp-json\/wp\/v2\/media\/3912"}],"wp:attachment":[{"href":"https:\/\/girovisual.cl\/wp2\/wp-json\/wp\/v2\/media?parent=3898"}],"wp:term":[{"taxonomy":"category","embeddable":true,"href":"https:\/\/girovisual.cl\/wp2\/wp-json\/wp\/v2\/categories?post=3898"},{"taxonomy":"post_tag","embeddable":true,"href":"https:\/\/girovisual.cl\/wp2\/wp-json\/wp\/v2\/tags?post=3898"}],"curies":[{"name":"wp","href":"https:\/\/api.w.org\/{rel}","templated":true}]}}