{"id":3877,"date":"2026-08-31T13:03:20","date_gmt":"2026-08-31T17:03:20","guid":{"rendered":"https:\/\/girovisual.cl\/wp2\/?p=3877"},"modified":"2026-08-31T14:48:27","modified_gmt":"2026-08-31T18:48:27","slug":"reabrio-paso-los-libertadores-para-transporte-de-carga-con-horario-limitado","status":"publish","type":"post","link":"https:\/\/girovisual.cl\/wp2\/reabrio-paso-los-libertadores-para-transporte-de-carga-con-horario-limitado\/","title":{"rendered":"Reabri\u00f3 paso Los Libertadores para transporte de carga con horario limitado."},"content":{"rendered":"\n<p class=\"wp-block-paragraph\">Tal como se hab\u00eda anunciado, el Complejo Fronterizo Los Libertadores reabri\u00f3 este lunes 31 de agosto luego de una evaluaci\u00f3n favorable de las condiciones meteorol\u00f3gicas y de transitabilidad en la ruta internacional.<br>La medida se adopt\u00f3, seg\u00fan explica un comunicado de la Delegaci\u00f3n Presidencial Provincial de Los Andes, \u201cde acuerdo a una reuni\u00f3n sostenida por el Comit\u00e9 del Sistema Cristo Redentor de las Coordinaciones Chilenas y Argentinas\u201d durante la ma\u00f1ana de este lunes.<br>Sin embargo, pese a que durante el fin de semana se anunci\u00f3 que la reapertura se realizar\u00eda entre las 08:00 y las 20:30 horas de Chile, y entre las 09:00 y las 21:00 horas de Argentina, en ambas direcciones, el horario finalmente sufri\u00f3 un retraso.<br>\u201cSe retrasa el horario de reapertura del Sistema Cristo Redentor del d\u00eda lunes 31 de agosto. Solo tr\u00e1nsito de carga terrestre desde las 10:00 a 20:00 horas chilenas, 11:00 a 21:00 horas argentina, en ambas direcciones, dada la presencia en madrugada de sistema frontal leve en alta monta\u00f1a\u201d, se\u00f1alaron ahora.<br>Por otro lado, informaron que \u201cdada la evaluaci\u00f3n de pron\u00f3sticos meteorol\u00f3gicos durante el mes de septiembre, se extiende horario de invierno cuya franja es de 12 horas, a partir del martes 01 de septiembre y hasta que las condiciones meteorol\u00f3gicas se estabilicen y permitan funcionar en jornada de 24 horas, en condiciones de seguridad, tanto para los usuarios como para los funcionarios; cuya modificaci\u00f3n se comunicar\u00e1 oportunamente\u201d.<br>\u201cLas condiciones de seguridad son indispensables. Por lo tanto, no se habilitar\u00e1 el tr\u00e1nsito de otro tipo de veh\u00edculos para efectos de dar condiciones de seguridad a todos los usuarios, sistemas y persona\u201d, a\u00f1adieron.<br>Finalmente, informaron que \u201cen una fecha oportuna se comunicar\u00e1 las condiciones de apertura para turismo (veh\u00edculos menores, buses, etc.), para dar transitabilidad segura, como as\u00ed tambi\u00e9n, las bandas horarias que permitan normalizar sus respectivas actividades\u201d.<br>Sitio:Soychile.cl<\/p>\n\n    <div class=\"xs_social_share_widget xs_share_url after_content \t\tmain_content  wslu-style-1 wslu-share-box-shaped wslu-fill-colored wslu-none wslu-share-horizontal wslu-theme-font-no wslu-main_content\">\n\n\t\t\n        <ul>\n\t\t\t        <\/ul>\n    <\/div> \n","protected":false},"excerpt":{"rendered":"<p>Tal como se hab\u00eda anunciado, el Complejo Fronterizo Los Libertadores reabri\u00f3 este lunes 31 de agosto luego de una evaluaci\u00f3n favorable de las condiciones meteorol\u00f3gicas y de transitabilidad en la ruta internacional.La medida se adopt\u00f3, seg\u00fan explica un comunicado de la Delegaci\u00f3n Presidencial Provincial de Los Andes, \u201cde acuerdo a una reuni\u00f3n sostenida por el [&hellip;]<\/p>\n","protected":false},"author":4,"featured_media":3880,"comment_status":"closed","ping_status":"open","sticky":false,"template":"","format":"standard","meta":{"postBodyCss":"","postBodyMargin":[],"postBodyPadding":[],"postBodyBackground":{"backgroundType":"classic","gradient":""},"footnotes":"","jetpack_publicize_message":"","jetpack_publicize_feature_enabled":true,"jetpack_social_post_already_shared":false,"jetpack_social_options":{"image_generator_settings":{"template":"highway","default_image_id":0,"font":"","enabled":false},"version":2}},"categories":[24,1,517,5],"tags":[652,336,687,1534],"class_list":["post-3877","post","type-post","status-publish","format-standard","has-post-thumbnail","hentry","category-girovisual-tv","category-otras-noticias","category-portada","category-regional","tag-argentina","tag-carabineros","tag-paso-los-libertadores","tag-transporte"],"jetpack_publicize_connections":[],"_links":{"self":[{"href":"https:\/\/girovisual.cl\/wp2\/wp-json\/wp\/v2\/posts\/3877","targetHints":{"allow":["GET"]}}],"collection":[{"href":"https:\/\/girovisual.cl\/wp2\/wp-json\/wp\/v2\/posts"}],"about":[{"href":"https:\/\/girovisual.cl\/wp2\/wp-json\/wp\/v2\/types\/post"}],"author":[{"embeddable":true,"href":"https:\/\/girovisual.cl\/wp2\/wp-json\/wp\/v2\/users\/4"}],"replies":[{"embeddable":true,"href":"https:\/\/girovisual.cl\/wp2\/wp-json\/wp\/v2\/comments?post=3877"}],"version-history":[{"count":0,"href":"https:\/\/girovisual.cl\/wp2\/wp-json\/wp\/v2\/posts\/3877\/revisions"}],"wp:featuredmedia":[{"embeddable":true,"href":"https:\/\/girovisual.cl\/wp2\/wp-json\/wp\/v2\/media\/3880"}],"wp:attachment":[{"href":"https:\/\/girovisual.cl\/wp2\/wp-json\/wp\/v2\/media?parent=3877"}],"wp:term":[{"taxonomy":"category","embeddable":true,"href":"https:\/\/girovisual.cl\/wp2\/wp-json\/wp\/v2\/categories?post=3877"},{"taxonomy":"post_tag","embeddable":true,"href":"https:\/\/girovisual.cl\/wp2\/wp-json\/wp\/v2\/tags?post=3877"}],"curies":[{"name":"wp","href":"https:\/\/api.w.org\/{rel}","templated":true}]}}