{"id":3872,"date":"2026-08-31T12:38:17","date_gmt":"2026-08-31T16:38:17","guid":{"rendered":"https:\/\/girovisual.cl\/wp2\/?p=3872"},"modified":"2026-08-31T12:38:38","modified_gmt":"2026-08-31T16:38:38","slug":"indice-de-produccion-industrial-disminuyo-51-interanualmente-en-julio-de-2026","status":"publish","type":"post","link":"https:\/\/girovisual.cl\/wp2\/indice-de-produccion-industrial-disminuyo-51-interanualmente-en-julio-de-2026\/","title":{"rendered":"\u00cdndice de Producci\u00f3n Industrial disminuy\u00f3 5,1% interanualmente en julio de 2026."},"content":{"rendered":"\n<p class=\"wp-block-paragraph\">Una variaci\u00f3n en doce meses de -5,1% anot\u00f3 en julio de 2026 el \u00cdndice de Producci\u00f3n Industrial (IPI), debido a la incidencia negativa de dos de los tres sectores que lo componen, seg\u00fan inform\u00f3 esta ma\u00f1ana el Instituto Nacional de Estad\u00edsticas (INE).&nbsp;<\/p>\n\n\n\n<p class=\"wp-block-paragraph\">El \u00cdndice de Producci\u00f3n Minera (IPMin) present\u00f3 una disminuci\u00f3n interanual de 7,2%, como consecuencia de la menor actividad registrada en la miner\u00eda met\u00e1lica (divisiones 04 y 07), que decreci\u00f3 10,7%, restando 9,301 pp. a la variaci\u00f3n del \u00edndice, a ra\u00edz de un descenso en la extracci\u00f3n y procesamiento de cobre.<\/p>\n\n\n\n<p class=\"wp-block-paragraph\">El \u00cdndice de Producci\u00f3n Manufacturera (IPMan), en tanto, present\u00f3 un descenso de 4,9% en doce meses, explicado, en gran medida, por la baja interanual de 25,9% en fabricaci\u00f3n de coque y productos de la refinaci\u00f3n del petr\u00f3leo (divisi\u00f3n 19), que incidi\u00f3 -1,003 pp. en la variaci\u00f3n del \u00edndice general.<\/p>\n\n\n\n<p class=\"wp-block-paragraph\">Finalmente, el \u00cdndice de Producci\u00f3n de Electricidad, Gas y Agua (IPEGA) creci\u00f3 0,3% respecto de julio de 2025, debido a la mayor actividad registrada en dos de las tres actividades que lo componen, entre las que destac\u00f3 electricidad, que se increment\u00f3 0,8%, incidiendo 0,635 pp. en la variaci\u00f3n del \u00edndice, a ra\u00edz de una mayor generaci\u00f3n el\u00e9ctrica, especialmente proveniente de centrales hidr\u00e1ulicas.<\/p>\n\n    <div class=\"xs_social_share_widget xs_share_url after_content \t\tmain_content  wslu-style-1 wslu-share-box-shaped wslu-fill-colored wslu-none wslu-share-horizontal wslu-theme-font-no wslu-main_content\">\n\n\t\t\n        <ul>\n\t\t\t        <\/ul>\n    <\/div> \n","protected":false},"excerpt":{"rendered":"<p>Una variaci\u00f3n en doce meses de -5,1% anot\u00f3 en julio de 2026 el \u00cdndice de Producci\u00f3n Industrial (IPI), debido a la incidencia negativa de dos de los tres sectores que lo componen, seg\u00fan inform\u00f3 esta ma\u00f1ana el Instituto Nacional de Estad\u00edsticas (INE).&nbsp; El \u00cdndice de Producci\u00f3n Minera (IPMin) present\u00f3 una disminuci\u00f3n interanual de 7,2%, como [&hellip;]<\/p>\n","protected":false},"author":4,"featured_media":3875,"comment_status":"closed","ping_status":"open","sticky":false,"template":"","format":"standard","meta":{"postBodyCss":"","postBodyMargin":[],"postBodyPadding":[],"postBodyBackground":{"backgroundType":"classic","gradient":""},"footnotes":"","jetpack_publicize_message":"","jetpack_publicize_feature_enabled":true,"jetpack_social_post_already_shared":false,"jetpack_social_options":{"image_generator_settings":{"template":"highway","default_image_id":0,"font":"","enabled":false},"version":2}},"categories":[89,24,7],"tags":[265,1591,1679],"class_list":["post-3872","post","type-post","status-publish","format-standard","has-post-thumbnail","hentry","category-economia","category-girovisual-tv","category-nacional","tag-economia-2","tag-ine","tag-produccion-industrial"],"jetpack_publicize_connections":[],"_links":{"self":[{"href":"https:\/\/girovisual.cl\/wp2\/wp-json\/wp\/v2\/posts\/3872","targetHints":{"allow":["GET"]}}],"collection":[{"href":"https:\/\/girovisual.cl\/wp2\/wp-json\/wp\/v2\/posts"}],"about":[{"href":"https:\/\/girovisual.cl\/wp2\/wp-json\/wp\/v2\/types\/post"}],"author":[{"embeddable":true,"href":"https:\/\/girovisual.cl\/wp2\/wp-json\/wp\/v2\/users\/4"}],"replies":[{"embeddable":true,"href":"https:\/\/girovisual.cl\/wp2\/wp-json\/wp\/v2\/comments?post=3872"}],"version-history":[{"count":0,"href":"https:\/\/girovisual.cl\/wp2\/wp-json\/wp\/v2\/posts\/3872\/revisions"}],"wp:featuredmedia":[{"embeddable":true,"href":"https:\/\/girovisual.cl\/wp2\/wp-json\/wp\/v2\/media\/3875"}],"wp:attachment":[{"href":"https:\/\/girovisual.cl\/wp2\/wp-json\/wp\/v2\/media?parent=3872"}],"wp:term":[{"taxonomy":"category","embeddable":true,"href":"https:\/\/girovisual.cl\/wp2\/wp-json\/wp\/v2\/categories?post=3872"},{"taxonomy":"post_tag","embeddable":true,"href":"https:\/\/girovisual.cl\/wp2\/wp-json\/wp\/v2\/tags?post=3872"}],"curies":[{"name":"wp","href":"https:\/\/api.w.org\/{rel}","templated":true}]}}