{"id":3833,"date":"2026-08-31T10:25:55","date_gmt":"2026-08-31T14:25:55","guid":{"rendered":"https:\/\/girovisual.cl\/wp2\/?p=3833"},"modified":"2026-08-31T10:26:03","modified_gmt":"2026-08-31T14:26:03","slug":"otro-violento-asalto-en-sector-rural-los-quillayes-de-quilpue-preocupa-a-vecinos","status":"publish","type":"post","link":"https:\/\/girovisual.cl\/wp2\/otro-violento-asalto-en-sector-rural-los-quillayes-de-quilpue-preocupa-a-vecinos\/","title":{"rendered":"Otro violento asalto en sector rural Los Quillayes de Quilpu\u00e9 preocupa a vecinos."},"content":{"rendered":"\n<p class=\"wp-block-paragraph\">Un violento asalto a punta de pistola se registr\u00f3 durante la madrugada de ayer domingo en el sector rural de Los Quillayes, comuna de Quilpu\u00e9, donde una familia fue v\u00edctima de un grupo de aproximadamente 11 delincuentes a rostro cubierto que ingres\u00f3 a su vivienda mientras sus integrantes dorm\u00edan.<\/p>\n\n\n\n<p class=\"wp-block-paragraph\">Seg\u00fan los antecedentes conocidos, los antisociales irrumpieron en el inmueble portando armas de fuego. Los moradores, no opusieron resistencia y, en cuesti\u00f3n de minutos, los delincuentes lograron sustraer tres veh\u00edculos, especies de valor y dinero en efectivo para posteriormente escapar del lugar.<\/p>\n\n\n\n<p class=\"wp-block-paragraph\">Afortunadamente, ninguno de los integrantes de la familia result\u00f3 lesionado, aunque tras el violento episodio quedaron profundamente afectados y en estado de shock. Carabineros adopt\u00f3 el procedimiento de rigor tras conocer lo ocurrido.<\/p>\n\n\n\n<p class=\"wp-block-paragraph\">Este nuevo hecho vuelve a encender las alarmas por la inseguridad que afecta a los sectores rurales del  Valle de Marga Marga, donde vecinos y organizaciones sociales han insistido durante a\u00f1os en la necesidad de una mayor presencia policial y medidas concretas para enfrentar la delincuencia.<\/p>\n\n\n\n<p class=\"wp-block-paragraph\">Entre las principales demandas planteadas por los habitantes del sector se encuentra la instalaci\u00f3n de un ret\u00e9n carretero en la Ruta F-50 Lo Orozco, iniciativa que permitir\u00eda contar con una mayor presencia policial y, principalmente, disminuir los tiempos de respuesta ante emergencias y hechos delictuales registrados en esta extensa zona rural.<\/p>\n\n\n\n<p class=\"wp-block-paragraph\">La dirigenta vecinal de Los Perales, Jennifer Bast\u00edas, cuestion\u00f3 la falta de soluciones ante los reiterados hechos delictuales y la demora en la respuesta policial que enfrentan algunos sectores apartados.<\/p>\n\n\n\n<p class=\"wp-block-paragraph\">\u201c\u00bfQu\u00e9 m\u00e1s tiene que ocurrir para que las autoridades escuchen a los vecinos? \u00bfHasta cu\u00e1ndo las familias del Valle de Marga Marga tendr\u00e1n que vivir con miedo y sentirse desprotegidas?\u201d, cuestion\u00f3.<\/p>\n\n\n\n<p class=\"wp-block-paragraph\">Asimismo, la representante vecinal insisti\u00f3 en la necesidad de avanzar en medidas concretas, entre ellas una mayor presencia policial y la esperada instalaci\u00f3n de un ret\u00e9n carretero para el sector.<\/p>\n\n\n\n<p class=\"wp-block-paragraph\">\u201c\u00bfExiste realmente voluntad para solucionar este problema o simplemente hay una falta de capacidad de gesti\u00f3n? Porque mientras se siguen realizando reuniones y anuncios, los vecinos seguimos siendo v\u00edctimas de delincuentes que act\u00faan con total impunidad\u201d, afirm\u00f3.<\/p>\n\n\n\n<p class=\"wp-block-paragraph\">Una situaci\u00f3n que nuevamente deja en evidencia la preocupaci\u00f3n de quienes habitan las zonas rurales de Quilpu\u00e9 y que, seg\u00fan denuncian, contin\u00faan sinti\u00e9ndose postergados frente a una delincuencia cada vez m\u00e1s violenta.<\/p>\n\n\n\n<p class=\"wp-block-paragraph\">Fuente Prensa Marga Marga.cl<\/p>\n\n\n\n<p class=\"wp-block-paragraph\"><\/p>\n\n    <div class=\"xs_social_share_widget xs_share_url after_content \t\tmain_content  wslu-style-1 wslu-share-box-shaped wslu-fill-colored wslu-none wslu-share-horizontal wslu-theme-font-no wslu-main_content\">\n\n\t\t\n        <ul>\n\t\t\t        <\/ul>\n    <\/div> \n","protected":false},"excerpt":{"rendered":"<p>Un violento asalto a punta de pistola se registr\u00f3 durante la madrugada de ayer domingo en el sector rural de Los Quillayes, comuna de Quilpu\u00e9, donde una familia fue v\u00edctima de un grupo de aproximadamente 11 delincuentes a rostro cubierto que ingres\u00f3 a su vivienda mientras sus integrantes dorm\u00edan. Seg\u00fan los antecedentes conocidos, los antisociales [&hellip;]<\/p>\n","protected":false},"author":4,"featured_media":3840,"comment_status":"closed","ping_status":"open","sticky":false,"template":"","format":"standard","meta":{"postBodyCss":"","postBodyMargin":[],"postBodyPadding":[],"postBodyBackground":{"backgroundType":"classic","gradient":""},"footnotes":"","jetpack_publicize_message":"","jetpack_publicize_feature_enabled":true,"jetpack_social_post_already_shared":false,"jetpack_social_options":{"image_generator_settings":{"template":"highway","default_image_id":0,"font":"","enabled":false},"version":2}},"categories":[518,24,259,5],"tags":[1580,1488,1673,1674,128],"class_list":["post-3833","post","type-post","status-publish","format-standard","has-post-thumbnail","hentry","category-destacada","category-girovisual-tv","category-policial","category-regional","tag-asalto","tag-inseguridad","tag-los-quillayes","tag-quilpue-2","tag-region-de-valparaiso"],"jetpack_publicize_connections":[],"_links":{"self":[{"href":"https:\/\/girovisual.cl\/wp2\/wp-json\/wp\/v2\/posts\/3833","targetHints":{"allow":["GET"]}}],"collection":[{"href":"https:\/\/girovisual.cl\/wp2\/wp-json\/wp\/v2\/posts"}],"about":[{"href":"https:\/\/girovisual.cl\/wp2\/wp-json\/wp\/v2\/types\/post"}],"author":[{"embeddable":true,"href":"https:\/\/girovisual.cl\/wp2\/wp-json\/wp\/v2\/users\/4"}],"replies":[{"embeddable":true,"href":"https:\/\/girovisual.cl\/wp2\/wp-json\/wp\/v2\/comments?post=3833"}],"version-history":[{"count":0,"href":"https:\/\/girovisual.cl\/wp2\/wp-json\/wp\/v2\/posts\/3833\/revisions"}],"wp:featuredmedia":[{"embeddable":true,"href":"https:\/\/girovisual.cl\/wp2\/wp-json\/wp\/v2\/media\/3840"}],"wp:attachment":[{"href":"https:\/\/girovisual.cl\/wp2\/wp-json\/wp\/v2\/media?parent=3833"}],"wp:term":[{"taxonomy":"category","embeddable":true,"href":"https:\/\/girovisual.cl\/wp2\/wp-json\/wp\/v2\/categories?post=3833"},{"taxonomy":"post_tag","embeddable":true,"href":"https:\/\/girovisual.cl\/wp2\/wp-json\/wp\/v2\/tags?post=3833"}],"curies":[{"name":"wp","href":"https:\/\/api.w.org\/{rel}","templated":true}]}}