{"id":3822,"date":"2026-08-31T08:24:40","date_gmt":"2026-08-31T12:24:40","guid":{"rendered":"https:\/\/girovisual.cl\/wp2\/?p=3822"},"modified":"2026-08-31T08:24:47","modified_gmt":"2026-08-31T12:24:47","slug":"casa-rosada-confirma-viaje-a-chile-este-jueves-de-javier-millei","status":"publish","type":"post","link":"https:\/\/girovisual.cl\/wp2\/casa-rosada-confirma-viaje-a-chile-este-jueves-de-javier-millei\/","title":{"rendered":"Casa Rosada confirma viaje a Chile este jueves de Javier Millei."},"content":{"rendered":"\n<p class=\"wp-block-paragraph\">Seg\u00fan dio cuenta la Casa Rosada, el Presidente de Argentina, Javier Milei visitar\u00e1 Chile este jueves y su agenda estar\u00e1 marcada por el encuentro con el Mandatario Jos\u00e9 Antonio Kast, seg\u00fan consign\u00f3 La Nacion. El mandatario argentino viajar\u00e1 a Santiago, donde adem\u00e1s participar\u00e1 en un foro organizado por la Fundaci\u00f3n Disenso, vinculada al partido espa\u00f1ol Vox, y sostendr\u00e1 una reuni\u00f3n con una funcionaria del Departamento de Estado de Estados Unidos. Milei tiene previsto arribar a Chile a primera hora del jueves y desarrollar tres actividades antes de regresar a Argentina el viernes. Su primera cita ser\u00e1 a las 9.30 horas en el Foro Madrid.<\/p>\n\n\n\n<p class=\"wp-block-paragraph\">Luego, a las 10.15 horas, el Presidente argentino se reunir\u00e1 con Sarah Rogers, subsecretaria de Estado para la Diplomacia P\u00fablica de Estados Unidos. Tras esa cita, cerrar\u00e1 su agenda en el pa\u00eds con una reuni\u00f3n bilateral con Kast, en lo que ser\u00e1 el tercer encuentro entre ambos desde que el mandatario chileno asumi\u00f3 el cargo en marzo. El v\u00ednculo entre ambos presidentes ya tuvo dos cap\u00edtulos durante los primeros meses del nuevo gobierno chileno: Milei particip\u00f3 en la ceremonia de asunci\u00f3n de Kast y, posteriormente, recibi\u00f3 al jefe de Estado chileno en la Casa Rosada durante abril.<\/p>\n\n\n\n<p class=\"wp-block-paragraph\">Fuente: Emol.com <\/p>\n\n\n\n<p class=\"wp-block-paragraph\"><\/p>\n\n    <div class=\"xs_social_share_widget xs_share_url after_content \t\tmain_content  wslu-style-1 wslu-share-box-shaped wslu-fill-colored wslu-none wslu-share-horizontal wslu-theme-font-no wslu-main_content\">\n\n\t\t\n        <ul>\n\t\t\t        <\/ul>\n    <\/div> \n","protected":false},"excerpt":{"rendered":"<p>Seg\u00fan dio cuenta la Casa Rosada, el Presidente de Argentina, Javier Milei visitar\u00e1 Chile este jueves y su agenda estar\u00e1 marcada por el encuentro con el Mandatario Jos\u00e9 Antonio Kast, seg\u00fan consign\u00f3 La Nacion. El mandatario argentino viajar\u00e1 a Santiago, donde adem\u00e1s participar\u00e1 en un foro organizado por la Fundaci\u00f3n Disenso, vinculada al partido espa\u00f1ol [&hellip;]<\/p>\n","protected":false},"author":4,"featured_media":3825,"comment_status":"closed","ping_status":"open","sticky":false,"template":"","format":"standard","meta":{"postBodyCss":"","postBodyMargin":[],"postBodyPadding":[],"postBodyBackground":{"backgroundType":"classic","gradient":""},"footnotes":"","jetpack_publicize_message":"","jetpack_publicize_feature_enabled":true,"jetpack_social_post_already_shared":false,"jetpack_social_options":{"image_generator_settings":{"template":"highway","default_image_id":0,"font":"","enabled":false},"version":2}},"categories":[518,24,100,1],"tags":[1672,1671,1424,1670],"class_list":["post-3822","post","type-post","status-publish","format-standard","has-post-thumbnail","hentry","category-destacada","category-girovisual-tv","category-internacional","category-otras-noticias","tag-cita-bilateral","tag-foro-de-madrid","tag-kast","tag-millei"],"jetpack_publicize_connections":[],"_links":{"self":[{"href":"https:\/\/girovisual.cl\/wp2\/wp-json\/wp\/v2\/posts\/3822","targetHints":{"allow":["GET"]}}],"collection":[{"href":"https:\/\/girovisual.cl\/wp2\/wp-json\/wp\/v2\/posts"}],"about":[{"href":"https:\/\/girovisual.cl\/wp2\/wp-json\/wp\/v2\/types\/post"}],"author":[{"embeddable":true,"href":"https:\/\/girovisual.cl\/wp2\/wp-json\/wp\/v2\/users\/4"}],"replies":[{"embeddable":true,"href":"https:\/\/girovisual.cl\/wp2\/wp-json\/wp\/v2\/comments?post=3822"}],"version-history":[{"count":0,"href":"https:\/\/girovisual.cl\/wp2\/wp-json\/wp\/v2\/posts\/3822\/revisions"}],"wp:featuredmedia":[{"embeddable":true,"href":"https:\/\/girovisual.cl\/wp2\/wp-json\/wp\/v2\/media\/3825"}],"wp:attachment":[{"href":"https:\/\/girovisual.cl\/wp2\/wp-json\/wp\/v2\/media?parent=3822"}],"wp:term":[{"taxonomy":"category","embeddable":true,"href":"https:\/\/girovisual.cl\/wp2\/wp-json\/wp\/v2\/categories?post=3822"},{"taxonomy":"post_tag","embeddable":true,"href":"https:\/\/girovisual.cl\/wp2\/wp-json\/wp\/v2\/tags?post=3822"}],"curies":[{"name":"wp","href":"https:\/\/api.w.org\/{rel}","templated":true}]}}