{"id":3817,"date":"2026-08-31T08:08:01","date_gmt":"2026-08-31T12:08:01","guid":{"rendered":"https:\/\/girovisual.cl\/wp2\/?p=3817"},"modified":"2026-08-31T08:08:08","modified_gmt":"2026-08-31T12:08:08","slug":"marcelo-gallardo-habria-llegado-a-acuerdo-y-sera-el-nuevo-tecnico-de-ecuador","status":"publish","type":"post","link":"https:\/\/girovisual.cl\/wp2\/marcelo-gallardo-habria-llegado-a-acuerdo-y-sera-el-nuevo-tecnico-de-ecuador\/","title":{"rendered":"Marcelo Gallardo habr\u00eda llegado a acuerdo y ser\u00e1 el nuevo t\u00e9cnico de Ecuador."},"content":{"rendered":"\n<p class=\"wp-block-paragraph\">Marcelo Gallardo, el t\u00e9cnico argentino ,habr\u00eda llegado a un acuerdo para convertirse en el nuevo director t\u00e9cnico de la Selecci\u00f3n de Ecuador, seg\u00fan report\u00f3 la prensa argentina. Las negociaciones lideradas por la FEF llegaron a buen puerto y solo resta la firma del contrato.<\/p>\n\n\n\n<p class=\"wp-block-paragraph\">El estratega argentino se perfil\u00f3 como el candidato principal tras la salida de Sebasti\u00e1n Beccacece luego del Mundial 2026. Durante las conversaciones con la federaci\u00f3n, Gallardo habr\u00eda rechazado una propuesta del Fluminense de Brasil d\u00edas antes para asumir el reto con la \u00abTri\u00bb.<\/p>\n\n\n\n<p class=\"wp-block-paragraph\">Aunque el medio televisivo \u00abEl Canal del F\u00fatbol\u00bb dio por hecha su llegada en los pr\u00f3ximos d\u00edas, la FEF a\u00fan no oficializa la contrataci\u00f3n. Adem\u00e1s, fuentes cercanas se\u00f1alaron que la vinculaci\u00f3n contractual todav\u00eda no est\u00e1 cerrada totalmente pese a lo publicado previamente.<\/p>\n\n    <div class=\"xs_social_share_widget xs_share_url after_content \t\tmain_content  wslu-style-1 wslu-share-box-shaped wslu-fill-colored wslu-none wslu-share-horizontal wslu-theme-font-no wslu-main_content\">\n\n\t\t\n        <ul>\n\t\t\t        <\/ul>\n    <\/div> \n","protected":false},"excerpt":{"rendered":"<p>Marcelo Gallardo, el t\u00e9cnico argentino ,habr\u00eda llegado a un acuerdo para convertirse en el nuevo director t\u00e9cnico de la Selecci\u00f3n de Ecuador, seg\u00fan report\u00f3 la prensa argentina. Las negociaciones lideradas por la FEF llegaron a buen puerto y solo resta la firma del contrato. El estratega argentino se perfil\u00f3 como el candidato principal tras la [&hellip;]<\/p>\n","protected":false},"author":4,"featured_media":3820,"comment_status":"closed","ping_status":"open","sticky":false,"template":"","format":"standard","meta":{"postBodyCss":"","postBodyMargin":[],"postBodyPadding":[],"postBodyBackground":{"backgroundType":"classic","gradient":""},"footnotes":"","jetpack_publicize_message":"","jetpack_publicize_feature_enabled":true,"jetpack_social_post_already_shared":false,"jetpack_social_options":{"image_generator_settings":{"template":"highway","default_image_id":0,"font":"","enabled":false},"version":2}},"categories":[4,24,1],"tags":[1668,1669,1667],"class_list":["post-3817","post","type-post","status-publish","format-standard","has-post-thumbnail","hentry","category-deportes","category-girovisual-tv","category-otras-noticias","tag-eliminatorias-mundial-2030","tag-marcelo-gallardo","tag-seleccion-de-ecuador"],"jetpack_publicize_connections":[],"_links":{"self":[{"href":"https:\/\/girovisual.cl\/wp2\/wp-json\/wp\/v2\/posts\/3817","targetHints":{"allow":["GET"]}}],"collection":[{"href":"https:\/\/girovisual.cl\/wp2\/wp-json\/wp\/v2\/posts"}],"about":[{"href":"https:\/\/girovisual.cl\/wp2\/wp-json\/wp\/v2\/types\/post"}],"author":[{"embeddable":true,"href":"https:\/\/girovisual.cl\/wp2\/wp-json\/wp\/v2\/users\/4"}],"replies":[{"embeddable":true,"href":"https:\/\/girovisual.cl\/wp2\/wp-json\/wp\/v2\/comments?post=3817"}],"version-history":[{"count":0,"href":"https:\/\/girovisual.cl\/wp2\/wp-json\/wp\/v2\/posts\/3817\/revisions"}],"wp:featuredmedia":[{"embeddable":true,"href":"https:\/\/girovisual.cl\/wp2\/wp-json\/wp\/v2\/media\/3820"}],"wp:attachment":[{"href":"https:\/\/girovisual.cl\/wp2\/wp-json\/wp\/v2\/media?parent=3817"}],"wp:term":[{"taxonomy":"category","embeddable":true,"href":"https:\/\/girovisual.cl\/wp2\/wp-json\/wp\/v2\/categories?post=3817"},{"taxonomy":"post_tag","embeddable":true,"href":"https:\/\/girovisual.cl\/wp2\/wp-json\/wp\/v2\/tags?post=3817"}],"curies":[{"name":"wp","href":"https:\/\/api.w.org\/{rel}","templated":true}]}}