{"id":3815,"date":"2026-08-30T22:05:39","date_gmt":"2026-08-31T02:05:39","guid":{"rendered":"https:\/\/girovisual.cl\/wp2\/?p=3815"},"modified":"2026-08-31T14:47:06","modified_gmt":"2026-08-31T18:47:06","slug":"hombre-es-asesinado-a-balazos-en-la-comuna-de-la-cruz","status":"publish","type":"post","link":"https:\/\/girovisual.cl\/wp2\/hombre-es-asesinado-a-balazos-en-la-comuna-de-la-cruz\/","title":{"rendered":"Hombre es asesinado a balazos en la comuna de La Cruz."},"content":{"rendered":"\n<p class=\"wp-block-paragraph\">Un nuevo hecho violento se registro durante la tarde de este dia domingo en la Calle Lorca Prietoz justo en el l\u00edmite con la comuna de Quillota en donde un hombre hasta ahora de identidad desconocida recibio al menos un impacto de bala lonque provoco su fallecimiento.<\/p>\n\n\n\n<p class=\"wp-block-paragraph\">Hasta ahora la informacion preliminar de testigos indica que la v\u00edctima se dirig\u00eda a un local comercial cuando fue abordado por varios sujetos que se movilizaban en un veh\u00edculo los que abrieron fuego a corta distancia generando este homicidio y luego se dieron r\u00e1pidamente a la fuga.<\/p>\n\n\n\n<p class=\"wp-block-paragraph\">Pese al trabajo realizado por personal de SAMU la victima falleci\u00f3 en el lugar. Por instrucci\u00f3n del fiscal de turno se ordeno la concurrencia de personal de la Brigada de homicidios de la PDI\u00a0para levantar evidencias y comenzar la investigacion de este, el segundo homicidio del fin de semana en la region.<\/p>\n\n\n\n<p class=\"wp-block-paragraph\"><\/p>\n\n\n\n<p class=\"wp-block-paragraph\"> <\/p>\n\n    <div class=\"xs_social_share_widget xs_share_url after_content \t\tmain_content  wslu-style-1 wslu-share-box-shaped wslu-fill-colored wslu-none wslu-share-horizontal wslu-theme-font-no wslu-main_content\">\n\n\t\t\n        <ul>\n\t\t\t        <\/ul>\n    <\/div> \n","protected":false},"excerpt":{"rendered":"<p>Un nuevo hecho violento se registro durante la tarde de este dia domingo en la Calle Lorca Prietoz justo en el l\u00edmite con la comuna de Quillota en donde un hombre hasta ahora de identidad desconocida recibio al menos un impacto de bala lonque provoco su fallecimiento. Hasta ahora la informacion preliminar de testigos indica [&hellip;]<\/p>\n","protected":false},"author":5,"featured_media":3814,"comment_status":"closed","ping_status":"open","sticky":false,"template":"","format":"standard","meta":{"postBodyCss":"","postBodyMargin":[],"postBodyPadding":[],"postBodyBackground":{"backgroundType":"classic","gradient":""},"footnotes":"","jetpack_publicize_message":"","jetpack_publicize_feature_enabled":true,"jetpack_social_post_already_shared":false,"jetpack_social_options":{"image_generator_settings":{"template":"highway","default_image_id":0,"font":"","enabled":false},"version":2}},"categories":[518,259,5],"tags":[566,1666,321,900],"class_list":["post-3815","post","type-post","status-publish","format-standard","has-post-thumbnail","hentry","category-destacada","category-policial","category-regional","tag-homicidio","tag-lacruz","tag-pdi","tag-quillota"],"jetpack_publicize_connections":[],"_links":{"self":[{"href":"https:\/\/girovisual.cl\/wp2\/wp-json\/wp\/v2\/posts\/3815","targetHints":{"allow":["GET"]}}],"collection":[{"href":"https:\/\/girovisual.cl\/wp2\/wp-json\/wp\/v2\/posts"}],"about":[{"href":"https:\/\/girovisual.cl\/wp2\/wp-json\/wp\/v2\/types\/post"}],"author":[{"embeddable":true,"href":"https:\/\/girovisual.cl\/wp2\/wp-json\/wp\/v2\/users\/5"}],"replies":[{"embeddable":true,"href":"https:\/\/girovisual.cl\/wp2\/wp-json\/wp\/v2\/comments?post=3815"}],"version-history":[{"count":0,"href":"https:\/\/girovisual.cl\/wp2\/wp-json\/wp\/v2\/posts\/3815\/revisions"}],"wp:featuredmedia":[{"embeddable":true,"href":"https:\/\/girovisual.cl\/wp2\/wp-json\/wp\/v2\/media\/3814"}],"wp:attachment":[{"href":"https:\/\/girovisual.cl\/wp2\/wp-json\/wp\/v2\/media?parent=3815"}],"wp:term":[{"taxonomy":"category","embeddable":true,"href":"https:\/\/girovisual.cl\/wp2\/wp-json\/wp\/v2\/categories?post=3815"},{"taxonomy":"post_tag","embeddable":true,"href":"https:\/\/girovisual.cl\/wp2\/wp-json\/wp\/v2\/tags?post=3815"}],"curies":[{"name":"wp","href":"https:\/\/api.w.org\/{rel}","templated":true}]}}