{"id":3808,"date":"2026-08-30T21:59:33","date_gmt":"2026-08-31T01:59:33","guid":{"rendered":"https:\/\/girovisual.cl\/wp2\/?p=3808"},"modified":"2026-08-30T21:59:55","modified_gmt":"2026-08-31T01:59:55","slug":"cadem-75-evalua-negativamente-al-poder-judicial-9pts-que-en-2024-y-82-piensa-que-no-asegura-igualdad-ante-la-ley","status":"publish","type":"post","link":"https:\/\/girovisual.cl\/wp2\/cadem-75-evalua-negativamente-al-poder-judicial-9pts-que-en-2024-y-82-piensa-que-no-asegura-igualdad-ante-la-ley\/","title":{"rendered":"Cadem: 75% eval\u00faa negativamente al Poder Judicial (+9pts que en 2024) y 82% piensa que no asegura igualdad ante la ley."},"content":{"rendered":"\n<p class=\"wp-block-paragraph\"><strong>Adem\u00e1s, al 83% no le genera confianza, 81% no dir\u00eda que es imparcial, el 79% no cree que sus procedimientos son claros y transparentes, 77% tampoco piensa que es eficiente y 61% no cree que sea completamente aut\u00f3nomo.<\/strong><\/p>\n\n\n\n<p class=\"wp-block-paragraph\"><strong>En tanto, los tribunales que integran el Poder Judicial bajan significativamente en su evaluaci\u00f3n positiva, como la Corte Suprema, que alcanza un 23% de notas entre 5 y 7 (-14pts) y la Corte de Apelaciones que llega a 22% (-18pts).<\/strong><\/p>\n\n\n\n<p class=\"wp-block-paragraph\"><strong>El 67% (+18pts) responsabiliza a los jueces de que la justicia no funcione como se esperar\u00eda, 39% (-5pts) a las leyes, 39% (+3pts) a la fiscal\u00eda y fiscales y 31% (-6pts) al gobierno.<\/strong><\/p>\n\n\n\n<p class=\"wp-block-paragraph\"><strong>En tanto, quienes creen que el Plan Cancerbero se trata de un cambio real en materia penitenciaria retroceden a 45% (-17pts) versus 51% (+16pts) que lo considera un espect\u00e1culo comunicacional. El 65% supo el rev\u00e9s que sufri\u00f3 el plan luego que un juez de garant\u00eda revirtiera la decisi\u00f3n del Director de Gendarmer\u00eda en el traslado de unos reos a la c\u00e1rcel de Talca y 67% est\u00e1 en desacuerdo con la medida.<\/strong><\/p>\n\n\n\n<p class=\"wp-block-paragraph\"><strong>Respecto a la creaci\u00f3n del nuevo Estado de Excepci\u00f3n propuesto por el gobierno, 50% est\u00e1 de acuerdo si es que requiere autorizaci\u00f3n del Congreso y tiene que renovarse cada 30 d\u00edas, mientras 33% lo apoya cuando s\u00f3lo es atribuci\u00f3n del Presidente decretarlo por un per\u00edodo de 120 d\u00edas, renovables a 240.<\/strong><\/p>\n\n\n\n<p class=\"wp-block-paragraph\"><strong>Por su parte, en la cuarta semana de agosto, 38% (+1pto) aprueba la gesti\u00f3n del Presidente Kast y 59% la desaprueba, cerrando el mes con un promedio de 39% de aprobaci\u00f3n, 2pts m\u00e1s que en julio. La aprobaci\u00f3n mensual del Mandatario sube entre los hombres (46%, +3pts), los mayores de 55 a\u00f1os (54%, +4pts), el segmento socioecon\u00f3mico alto (42%, +3pts), en la Regi\u00f3n Metropolitana (39%, +4pts) y en los identificados con la derecha (79%, +3pts) y el centro (31%, +3pts).<\/strong><\/p>\n\n\n\n<p class=\"wp-block-paragraph\"><img decoding=\"async\" src=\"https:\/\/cadem.cl\/wp-content\/themes\/theme-webtres\/img\/share-ico.svg\" alt=\"\"><\/p>\n\n\n\n<p class=\"wp-block-paragraph\">Share this&#8230;<br><a href=\"http:\/\/www.facebook.com\/sharer.php?u=https:\/\/cadem.cl\/estudios\/75-evalua-negativamente-al-poder-judicial-9pts-que-en-2024-y-82-piensa-que-no-asegura-igualdad-ante-la-ley\/\" target=\"_blank\" rel=\"noopener\"><img decoding=\"async\" src=\"https:\/\/cadem.cl\/wp-content\/plugins\/simple-share-buttons-adder\/buttons\/somacro\/facebook.png\" alt=\"Share on Facebook\"><\/a><a href=\"javascript:void((function()%7Bvar%20e=document.createElement('script');e.setAttribute('type','text\/javascript');e.setAttribute('charset','UTF-8');e.setAttribute('src','\/\/assets.pinterest.com\/js\/pinmarklet.js?r=%27+Math.random()*99999999);document.body.appendChild(e)%7D)());\"><img decoding=\"async\" src=\"https:\/\/cadem.cl\/wp-content\/plugins\/simple-share-buttons-adder\/buttons\/somacro\/pinterest.png\" alt=\"Pin on Pinterest\"><\/a><a href=\"http:\/\/twitter.com\/share?url=https:\/\/cadem.cl\/estudios\/75-evalua-negativamente-al-poder-judicial-9pts-que-en-2024-y-82-piensa-que-no-asegura-igualdad-ante-la-ley\/&amp;text=75%25%20eval%C3%BAa%20negativamente%20al%20Poder%20Judicial%20%28%2B9pts%20que%20en%202024%29%20y%2082%25%20piensa%20que%20no%20asegura%20igualdad%20ante%20la%20ley%20\"><img decoding=\"async\" src=\"https:\/\/cadem.cl\/wp-content\/plugins\/simple-share-buttons-adder\/buttons\/somacro\/twitter.png\" alt=\"Tweet about this on Twitter\"><\/a><a href=\"http:\/\/www.linkedin.com\/shareArticle?mini=true&amp;url=https:\/\/cadem.cl\/estudios\/75-evalua-negativamente-al-poder-judicial-9pts-que-en-2024-y-82-piensa-que-no-asegura-igualdad-ante-la-ley\/\"><img decoding=\"async\" src=\"https:\/\/cadem.cl\/wp-content\/plugins\/simple-share-buttons-adder\/buttons\/somacro\/linkedin.png\" alt=\"Share on LinkedIn\"><\/a><\/p>\n\n    <div class=\"xs_social_share_widget xs_share_url after_content \t\tmain_content  wslu-style-1 wslu-share-box-shaped wslu-fill-colored wslu-none wslu-share-horizontal wslu-theme-font-no wslu-main_content\">\n\n\t\t\n        <ul>\n\t\t\t        <\/ul>\n    <\/div> \n","protected":false},"excerpt":{"rendered":"<p>Adem\u00e1s, al 83% no le genera confianza, 81% no dir\u00eda que es imparcial, el 79% no cree que sus procedimientos son claros y transparentes, 77% tampoco piensa que es eficiente y 61% no cree que sea completamente aut\u00f3nomo. En tanto, los tribunales que integran el Poder Judicial bajan significativamente en su evaluaci\u00f3n positiva, como la [&hellip;]<\/p>\n","protected":false},"author":4,"featured_media":3811,"comment_status":"closed","ping_status":"open","sticky":false,"template":"","format":"standard","meta":{"postBodyCss":"","postBodyMargin":[],"postBodyPadding":[],"postBodyBackground":{"backgroundType":"classic","gradient":""},"footnotes":"","jetpack_publicize_message":"","jetpack_publicize_feature_enabled":true,"jetpack_social_post_already_shared":false,"jetpack_social_options":{"image_generator_settings":{"template":"highway","default_image_id":0,"font":"","enabled":false},"version":2}},"categories":[518,24,1142],"tags":[],"class_list":["post-3808","post","type-post","status-publish","format-standard","has-post-thumbnail","hentry","category-destacada","category-girovisual-tv","category-poder-judicial"],"jetpack_publicize_connections":[],"_links":{"self":[{"href":"https:\/\/girovisual.cl\/wp2\/wp-json\/wp\/v2\/posts\/3808","targetHints":{"allow":["GET"]}}],"collection":[{"href":"https:\/\/girovisual.cl\/wp2\/wp-json\/wp\/v2\/posts"}],"about":[{"href":"https:\/\/girovisual.cl\/wp2\/wp-json\/wp\/v2\/types\/post"}],"author":[{"embeddable":true,"href":"https:\/\/girovisual.cl\/wp2\/wp-json\/wp\/v2\/users\/4"}],"replies":[{"embeddable":true,"href":"https:\/\/girovisual.cl\/wp2\/wp-json\/wp\/v2\/comments?post=3808"}],"version-history":[{"count":0,"href":"https:\/\/girovisual.cl\/wp2\/wp-json\/wp\/v2\/posts\/3808\/revisions"}],"wp:featuredmedia":[{"embeddable":true,"href":"https:\/\/girovisual.cl\/wp2\/wp-json\/wp\/v2\/media\/3811"}],"wp:attachment":[{"href":"https:\/\/girovisual.cl\/wp2\/wp-json\/wp\/v2\/media?parent=3808"}],"wp:term":[{"taxonomy":"category","embeddable":true,"href":"https:\/\/girovisual.cl\/wp2\/wp-json\/wp\/v2\/categories?post=3808"},{"taxonomy":"post_tag","embeddable":true,"href":"https:\/\/girovisual.cl\/wp2\/wp-json\/wp\/v2\/tags?post=3808"}],"curies":[{"name":"wp","href":"https:\/\/api.w.org\/{rel}","templated":true}]}}