{"id":3800,"date":"2026-08-30T21:49:34","date_gmt":"2026-08-31T01:49:34","guid":{"rendered":"https:\/\/girovisual.cl\/wp2\/?p=3800"},"modified":"2026-08-30T21:49:41","modified_gmt":"2026-08-31T01:49:41","slug":"un-nino-de-cinco-anos-permanece-internado-en-el-hospital-dr-gustavo-fricke-tras-ingresar-de-urgencia-por-una-severa-intoxicacion-con-cocaina","status":"publish","type":"post","link":"https:\/\/girovisual.cl\/wp2\/un-nino-de-cinco-anos-permanece-internado-en-el-hospital-dr-gustavo-fricke-tras-ingresar-de-urgencia-por-una-severa-intoxicacion-con-cocaina\/","title":{"rendered":"Un ni\u00f1o de cinco a\u00f1os permanece internado en el Hospital Dr. Gustavo Fricke tras ingresar de urgencia por una severa intoxicaci\u00f3n con coca\u00edna"},"content":{"rendered":"\n<p class=\"wp-block-paragraph\"><\/p>\n\n\n\n<p class=\"wp-block-paragraph\">La emergencia se origin\u00f3 el pasado jueves 27 de agosto, cuando el menor fue ingresado al recinto asistencial de la Ciudad Jard\u00edn tras sufrir un agudo cuadro convulsivo. El personal m\u00e9dico de turno aplic\u00f3 los ex\u00e1menes toxicol\u00f3gicos correspondientes, los cuales arrojaron positivo a clorhidrato de coca\u00edna. Frente a la gravedad del hallazgo, el equipo cl\u00ednico activ\u00f3 de inmediato los protocolos de protecci\u00f3n a la infancia y denunci\u00f3 la situaci\u00f3n al Ministerio P\u00fablico. <\/p>\n\n\n\n<p class=\"wp-block-paragraph\">La Respuesta Policial y Judicial<\/p>\n\n\n\n<p class=\"wp-block-paragraph\">La Fiscal\u00eda de Flagrancia de Valpara\u00edso instruy\u00f3 las primeras diligencias a la Brigada de Investigaci\u00f3n Criminal (Bicrim) de la Polic\u00eda de Investigaciones (PDI) de Vi\u00f1a del Mar. Los oficiales concurrieron al centro m\u00e9dico esa misma noche para recabar los antecedentes del estado de salud del menor e identificar a sus tutores directos. <\/p>\n\n\n\n<p class=\"wp-block-paragraph\">Posteriormente, los detectives ejecutaron una orden de entrada y registro en el inmueble residencial de la familia, ubicado en el sector de Recreo. Durante el allanamiento del inmueble, el personal policial incaut\u00f3 diversos envoltorios que conten\u00edan la misma sustancia il\u00edcita, la cual presumiblemente se encontraba al alcance del menor. <\/p>\n\n\n\n<p class=\"wp-block-paragraph\">A ra\u00edz de esta evidencia, la PDI concret\u00f3 la detenci\u00f3n en flagrancia del padre de la v\u00edctima, un hombre de 48 a\u00f1os que se encontraba a cargo del cuidado del ni\u00f1o al momento de la ingesta. <\/p>\n\n\n\n<p class=\"wp-block-paragraph\">El padre fue presentado ante el Juzgado de Garant\u00eda, donde el tribunal decret\u00f3 su <strong>prisi\u00f3n preventiva<\/strong> tras estimar que su libertad constitu\u00eda un peligro para la seguridad del menor y de la sociedad. <\/p>\n\n\n\n<p class=\"wp-block-paragraph\"><\/p>\n\n\n\n<p class=\"wp-block-paragraph\"><\/p>\n\n    <div class=\"xs_social_share_widget xs_share_url after_content \t\tmain_content  wslu-style-1 wslu-share-box-shaped wslu-fill-colored wslu-none wslu-share-horizontal wslu-theme-font-no wslu-main_content\">\n\n\t\t\n        <ul>\n\t\t\t        <\/ul>\n    <\/div> \n","protected":false},"excerpt":{"rendered":"<p>La emergencia se origin\u00f3 el pasado jueves 27 de agosto, cuando el menor fue ingresado al recinto asistencial de la Ciudad Jard\u00edn tras sufrir un agudo cuadro convulsivo. El personal m\u00e9dico de turno aplic\u00f3 los ex\u00e1menes toxicol\u00f3gicos correspondientes, los cuales arrojaron positivo a clorhidrato de coca\u00edna. Frente a la gravedad del hallazgo, el equipo cl\u00ednico [&hellip;]<\/p>\n","protected":false},"author":4,"featured_media":3803,"comment_status":"closed","ping_status":"open","sticky":false,"template":"","format":"standard","meta":{"postBodyCss":"","postBodyMargin":[],"postBodyPadding":[],"postBodyBackground":{"backgroundType":"classic","gradient":""},"footnotes":"","jetpack_publicize_message":"","jetpack_publicize_feature_enabled":true,"jetpack_social_post_already_shared":false,"jetpack_social_options":{"image_generator_settings":{"template":"highway","default_image_id":0,"font":"","enabled":false},"version":2}},"categories":[24,1,259],"tags":[1661,1660],"class_list":["post-3800","post","type-post","status-publish","format-standard","has-post-thumbnail","hentry","category-girovisual-tv","category-otras-noticias","category-policial","tag-fiscalia-flagrancia-valparaiso","tag-hospital-fricke"],"jetpack_publicize_connections":[],"_links":{"self":[{"href":"https:\/\/girovisual.cl\/wp2\/wp-json\/wp\/v2\/posts\/3800","targetHints":{"allow":["GET"]}}],"collection":[{"href":"https:\/\/girovisual.cl\/wp2\/wp-json\/wp\/v2\/posts"}],"about":[{"href":"https:\/\/girovisual.cl\/wp2\/wp-json\/wp\/v2\/types\/post"}],"author":[{"embeddable":true,"href":"https:\/\/girovisual.cl\/wp2\/wp-json\/wp\/v2\/users\/4"}],"replies":[{"embeddable":true,"href":"https:\/\/girovisual.cl\/wp2\/wp-json\/wp\/v2\/comments?post=3800"}],"version-history":[{"count":0,"href":"https:\/\/girovisual.cl\/wp2\/wp-json\/wp\/v2\/posts\/3800\/revisions"}],"wp:featuredmedia":[{"embeddable":true,"href":"https:\/\/girovisual.cl\/wp2\/wp-json\/wp\/v2\/media\/3803"}],"wp:attachment":[{"href":"https:\/\/girovisual.cl\/wp2\/wp-json\/wp\/v2\/media?parent=3800"}],"wp:term":[{"taxonomy":"category","embeddable":true,"href":"https:\/\/girovisual.cl\/wp2\/wp-json\/wp\/v2\/categories?post=3800"},{"taxonomy":"post_tag","embeddable":true,"href":"https:\/\/girovisual.cl\/wp2\/wp-json\/wp\/v2\/tags?post=3800"}],"curies":[{"name":"wp","href":"https:\/\/api.w.org\/{rel}","templated":true}]}}