{"id":3795,"date":"2026-08-30T19:16:40","date_gmt":"2026-08-30T23:16:40","guid":{"rendered":"https:\/\/girovisual.cl\/wp2\/?p=3795"},"modified":"2026-08-30T19:16:47","modified_gmt":"2026-08-30T23:16:47","slug":"con-mas-de-2-500-bomberos-se-realizo-la-tercera-edicion-de-valparaiso-cerro-arriba","status":"publish","type":"post","link":"https:\/\/girovisual.cl\/wp2\/con-mas-de-2-500-bomberos-se-realizo-la-tercera-edicion-de-valparaiso-cerro-arriba\/","title":{"rendered":"Con m\u00e1s de 2.500 bomberos se realiz\u00f3 la tercera edici\u00f3n de \u201cValpara\u00edso Cerro Arriba\u201d"},"content":{"rendered":"\n<p class=\"wp-block-paragraph\">M\u00e1s de dos mil quinientos bomberos provenientes de distintas regiones de Chile y el extranjero llegaron este fin de semana a Valpara\u00edso para enfrentar dif\u00edciles obst\u00e1culos y poner a prueba su resistencia f\u00edsica en un particular desaf\u00edo.<\/p>\n\n\n\n<p class=\"wp-block-paragraph\">Los voluntarios, en espec\u00edfico, participaron en una nueva versi\u00f3n de \u201cValpara\u00edso Cerro Arriba\u201d, el cual permite mostrar la realidad que viven los voluntarios porte\u00f1os que, pese a las condiciones adversas del territorio y en especial de los cerros Alegre, Concepci\u00f3n y Cordillera, entregan una respuesta eficaz a la comunidad.<\/p>\n\n\n\n<p class=\"wp-block-paragraph\">Si bien la entrega de los kits se realiz\u00f3 el s\u00e1bado en la plaza Sotomayor junto a una feria bomberil, la ma\u00f1ana de este domingo arranc\u00f3 la carrera que llev\u00f3 a los voluntarios a recorrer las coloridas y extenuantes escaleras, estrechas veredas e imponentes miradores de la Ciudad Puerto. El desaf\u00edo cont\u00f3 con la presencia de voluntarios de Argentina, Ecuador y Per\u00fa.<\/p>\n\n\n\n<p class=\"wp-block-paragraph\">El comandante Vicente Maggiolo, destac\u00f3 que \u201cesta tercera edici\u00f3n tiene un sabor especial. Estamos conmemorando los 173 a\u00f1os de la fundaci\u00f3n del Cuerpo de Bomberos y, por ende, la fundaci\u00f3n de los Cuerpos de Bomberos de todo Chile. Por lo tanto, ya tiene un matiz distinto a diferencia de las otras ediciones\u201d.<\/p>\n\n\n\n<p class=\"wp-block-paragraph\">Tambi\u00e9n explic\u00f3 que en este desaf\u00edo invitan \u201ca vivir una experiencia, lo que significan los cerros de Valpara\u00edso, lo que significa el trabajo de Bomberos de Valpara\u00edso que muchas veces est\u00e1n en el plan y tienen que llegar a la parte alta\u201d de la ciudad.<\/p>\n\n\n\n<p class=\"wp-block-paragraph\">Finalmente, el comandante del Cuerpo de Bomberos de Valpara\u00edso (CBV) dijo que producto a esta competencia \u201ctenemos sin duda una econom\u00eda circular\u201d en la ciudad y destac\u00f3 que la gran convocatoria provoca que \u201clos hoteles est\u00e1n copados\u201d y que \u201ctodos los restaurantes hoy d\u00eda tienen reserva\u201d. \u201cSe da este micro comercio que, la verdad, a Valpara\u00edso le hace bastante bien\u201d.<\/p>\n\n\n\n<p class=\"wp-block-paragraph\">foto Agencia Uno Pablo Ovalle<br>Sitio:Soychile.cl<\/p>\n\n\n\n<p class=\"wp-block-paragraph\"><\/p>\n\n    <div class=\"xs_social_share_widget xs_share_url after_content \t\tmain_content  wslu-style-1 wslu-share-box-shaped wslu-fill-colored wslu-none wslu-share-horizontal wslu-theme-font-no wslu-main_content\">\n\n\t\t\n        <ul>\n\t\t\t        <\/ul>\n    <\/div> \n","protected":false},"excerpt":{"rendered":"<p>M\u00e1s de dos mil quinientos bomberos provenientes de distintas regiones de Chile y el extranjero llegaron este fin de semana a Valpara\u00edso para enfrentar dif\u00edciles obst\u00e1culos y poner a prueba su resistencia f\u00edsica en un particular desaf\u00edo. Los voluntarios, en espec\u00edfico, participaron en una nueva versi\u00f3n de \u201cValpara\u00edso Cerro Arriba\u201d, el cual permite mostrar la [&hellip;]<\/p>\n","protected":false},"author":4,"featured_media":3798,"comment_status":"closed","ping_status":"open","sticky":false,"template":"","format":"standard","meta":{"postBodyCss":"","postBodyMargin":[],"postBodyPadding":[],"postBodyBackground":{"backgroundType":"classic","gradient":""},"footnotes":"","jetpack_publicize_message":"","jetpack_publicize_feature_enabled":true,"jetpack_social_post_already_shared":false,"jetpack_social_options":{"image_generator_settings":{"template":"highway","default_image_id":0,"font":"","enabled":false},"version":2}},"categories":[24,7,5],"tags":[715,1659,429],"class_list":["post-3795","post","type-post","status-publish","format-standard","has-post-thumbnail","hentry","category-girovisual-tv","category-nacional","category-regional","tag-bomberos","tag-competencia","tag-valparaiso-2"],"jetpack_publicize_connections":[],"_links":{"self":[{"href":"https:\/\/girovisual.cl\/wp2\/wp-json\/wp\/v2\/posts\/3795","targetHints":{"allow":["GET"]}}],"collection":[{"href":"https:\/\/girovisual.cl\/wp2\/wp-json\/wp\/v2\/posts"}],"about":[{"href":"https:\/\/girovisual.cl\/wp2\/wp-json\/wp\/v2\/types\/post"}],"author":[{"embeddable":true,"href":"https:\/\/girovisual.cl\/wp2\/wp-json\/wp\/v2\/users\/4"}],"replies":[{"embeddable":true,"href":"https:\/\/girovisual.cl\/wp2\/wp-json\/wp\/v2\/comments?post=3795"}],"version-history":[{"count":0,"href":"https:\/\/girovisual.cl\/wp2\/wp-json\/wp\/v2\/posts\/3795\/revisions"}],"wp:featuredmedia":[{"embeddable":true,"href":"https:\/\/girovisual.cl\/wp2\/wp-json\/wp\/v2\/media\/3798"}],"wp:attachment":[{"href":"https:\/\/girovisual.cl\/wp2\/wp-json\/wp\/v2\/media?parent=3795"}],"wp:term":[{"taxonomy":"category","embeddable":true,"href":"https:\/\/girovisual.cl\/wp2\/wp-json\/wp\/v2\/categories?post=3795"},{"taxonomy":"post_tag","embeddable":true,"href":"https:\/\/girovisual.cl\/wp2\/wp-json\/wp\/v2\/tags?post=3795"}],"curies":[{"name":"wp","href":"https:\/\/api.w.org\/{rel}","templated":true}]}}